{"id":14968,"date":"2021-11-10T13:20:53","date_gmt":"2021-11-10T13:20:53","guid":{"rendered":"https:\/\/www.arquidiocesismty.org\/arquimty\/?p=14968"},"modified":"2021-11-10T13:31:17","modified_gmt":"2021-11-10T19:31:17","slug":"anhelan-obispos-de-mexico-cercania-y-union-con-su-pueblo-para-restaurar-problematicas-del-pais","status":"publish","type":"post","link":"https:\/\/www.arquidiocesismty.org\/arquimty\/anhelan-obispos-de-mexico-cercania-y-union-con-su-pueblo-para-restaurar-problematicas-del-pais\/","title":{"rendered":"ANHELAN OBISPOS DE M\u00c9XICO CERCAN\u00cdA Y UNI\u00d3N CON SU PUEBLO PARA RESTAURAR PROBLEMATICAS DEL PA\u00cdS"},"content":{"rendered":"<p><em>Por: Debany Vald\u00e9s <\/em><br \/>\n<em>Monterrey, N.L. (www.pastoralsiglo21.org).- 10 de noviembre del 2021<\/em><\/p>\n<p><strong>En el marco de la Asamblea Plenaria CXI de la Conferencia del Episcopado Mexicano, los Pastores de Iglesia en Conferencia de Prensa, el d\u00eda de hoy compartieron su deseo profundo de cercan\u00eda y uni\u00f3n con el Pueblo de Dios para poder restaurar y sanar las situaciones negativas a las que se enfrenta el pa\u00eds.<\/strong><\/p>\n<p><strong>\u201cLa finalidad de esta reuni\u00f3n es asumir, como obispos y como Iglesia, los servicios que queremos prestar a todas las regiones del Pa\u00eds, para ofrecer respuestas pastorales, reales y eficaces, a tanta necesidad y a tan repetidos sufrimientos\u201d<\/strong> comparti\u00f3 Mons. Rogelio Cabrera L\u00f3pez, presidente reelecto de la CEM y Arzobispo de Monterrey, quien en conjunto con Mons. Alfonso Cort\u00e9s Contreras, Arzobispo de Le\u00f3n, Mons. Ram\u00f3n Castro Castro, nuevo Secretario General de la CEM, representaron y dieron lectura al Mensaje al Pueblo de Dios, de parte de todos los Obispos de M\u00e9xico.<\/p>\n<p><strong>\u201cParticularmente, pensamos en los que han experimentado los estragos de la muerte de amigos y familiares; los que siguen cayendo en la pobreza, los que han perdido su seguridad social, laboral y alimenticia, los migrantes forzados, los desaparecidos y los seducidos y atrapados por el crimen\u201d<\/strong> se mencion\u00f3.<\/p>\n<p>Los Obispos de M\u00e9xico resaltan la importancia de que se involucren todos, sin desvalorar a nadie, propiciando ambientes de comuni\u00f3n y unidad, el di\u00e1logo, la sinodalidad para poder establecer lazos de amistad social: \u201cNo debemos dejarnos arrastrar por el individualismo, la codicia y el ego\u00edsmo. La respuesta a situaciones comunes es caminar juntos; involucrarnos todos, aportando cada qui\u00e9n su propia visi\u00f3n y su propio esfuerzo\u201d.<\/p>\n<p>As\u00ed mismo, invitan al Pueblo de Dios a \u201creavivar los valores cristianos del Evangelio, que transforman la cultura: el amor y el respeto a la vida, la dignidad de la persona, la justicia, la paz y la libertad religiosa y de conciencia\u201d.<\/p>\n<p>Tambi\u00e9n en este mensaje, los Pastores de la Iglesia, han recordando la necesidad de vivir la esperanza en Cristo, quien \u201cnos asegura su presencia y victoria\u201d destacando el bello mensaje que Jes\u00fas hizo de acompa\u00f1arnos hasta el fin de los tiempos.<\/p>\n<p>A su vez, Mons. Alfonso Miranda Guardiola, el ahora responsable de la Dimensi\u00f3n Familia en M\u00e9xico, comparti\u00f3 que a nivel regional se seguir\u00e1 trabajando en pro de estos anhelos de unidad en la Asamblea Eclesial de Am\u00e9rica Latina y El Caribe que se llevar\u00e1 a cabo del 22 al 28 de noviembre de 2021, para posteriormente complementar este proyecto a nivel mundial en la XVI Asamblea General Ordinaria del S\u00ednodo de los Obispos, en el mes de octubre del 2023.<\/p>\n<p>En este enlace encontrar\u00e1s el documento completo del <a href=\"https:\/\/cem.org.mx\/Slider\/856-Mensaje-al-Pueblo-de-Dios-CXI-Asamblea-Plenaria-de-la-CEM.html\">mensaje al Pueblo de Dios, titulado<strong> \u201cHabitar\u00e9 en medio de ellos y caminar\u00e9 entre ellos\u201d (2Cor 6,16)<\/strong><\/a> que han brindado los Obispos de M\u00e9xico en esta Asamblea.<\/p>\n","protected":false},"excerpt":{"rendered":"<p>Por: Debany Vald\u00e9s Monterrey, N.L. (www.pastoralsiglo21.org).- 10 de noviembre del 2021 En el marco de la Asamblea Plenaria CXI de la Conferencia del Episcopado Mexicano, los<span class=\"excerpt-hellip\"> [\u2026]<\/span><\/p>\n","protected":false},"author":1,"featured_media":14970,"comment_status":"closed","ping_status":"closed","sticky":false,"template":"","format":"standard","meta":[],"categories":[110,14],"tags":[],"_links":{"self":[{"href":"https:\/\/www.arquidiocesismty.org\/arquimty\/wp-json\/wp\/v2\/posts\/14968"}],"collection":[{"href":"https:\/\/www.arquidiocesismty.org\/arquimty\/wp-json\/wp\/v2\/posts"}],"about":[{"href":"https:\/\/www.arquidiocesismty.org\/arquimty\/wp-json\/wp\/v2\/types\/post"}],"author":[{"embeddable":true,"href":"https:\/\/www.arquidiocesismty.org\/arquimty\/wp-json\/wp\/v2\/users\/1"}],"replies":[{"embeddable":true,"href":"https:\/\/www.arquidiocesismty.org\/arquimty\/wp-json\/wp\/v2\/comments?post=14968"}],"version-history":[{"count":1,"href":"https:\/\/www.arquidiocesismty.org\/arquimty\/wp-json\/wp\/v2\/posts\/14968\/revisions"}],"predecessor-version":[{"id":14969,"href":"https:\/\/www.arquidiocesismty.org\/arquimty\/wp-json\/wp\/v2\/posts\/14968\/revisions\/14969"}],"wp:featuredmedia":[{"embeddable":true,"href":"https:\/\/www.arquidiocesismty.org\/arquimty\/wp-json\/wp\/v2\/media\/14970"}],"wp:attachment":[{"href":"https:\/\/www.arquidiocesismty.org\/arquimty\/wp-json\/wp\/v2\/media?parent=14968"}],"wp:term":[{"taxonomy":"category","embeddable":true,"href":"https:\/\/www.arquidiocesismty.org\/arquimty\/wp-json\/wp\/v2\/categories?post=14968"},{"taxonomy":"post_tag","embeddable":true,"href":"https:\/\/www.arquidiocesismty.org\/arquimty\/wp-json\/wp\/v2\/tags?post=14968"}],"curies":[{"name":"wp","href":"https:\/\/api.w.org\/{rel}","templated":true}]}}