{"id":14965,"date":"2021-11-10T11:30:35","date_gmt":"2021-11-10T11:30:35","guid":{"rendered":"https:\/\/www.arquidiocesismty.org\/arquimty\/?p=14965"},"modified":"2021-11-10T11:33:48","modified_gmt":"2021-11-10T17:33:48","slug":"mons-alfonso-miranda-es-electo-como-nuevo-responsable-de-la-dimension-familia-cem","status":"publish","type":"post","link":"https:\/\/www.arquidiocesismty.org\/arquimty\/mons-alfonso-miranda-es-electo-como-nuevo-responsable-de-la-dimension-familia-cem\/","title":{"rendered":"MONS. ALFONSO MIRANDA ES ELECTO COMO NUEVO RESPONSABLE DE LA DIMENSI\u00d3N FAMILIA CEM"},"content":{"rendered":"<p><em>Por: Juan Pablo V\u00e1zquez Rodr\u00edguez<\/em><br \/>\n<em>Monterrey, N.L. (www.pastoralsiglo21.org).- 10 de noviembre del 2021<\/em><\/p>\n<p><strong>Despu\u00e9s de haberse desempe\u00f1ado por dos trienios como Secretario General de la Conferencia del Episcopado Mexicano, Mons. Alfonso Miranda Guardiola, fue elegido como responsable de la Dimensi\u00f3n Familia.<\/strong><\/p>\n<p>Esta dimensi\u00f3n trabaja en conjunto los grupos y movimientos familiares de nuestro pa\u00eds. Adem\u00e1s, organiza, talleres, retiros, conferencias y eventos en favor de la familia.<\/p>\n<p>Mons. Alfonso Miranda, Obispo Auxiliar de Monterrey, ocupar\u00e1 esta responsabilidad en sustituci\u00f3n de Mons. Alonso Garza Trevi\u00f1o, Obispo de Piedras Negras.<\/p>\n<p>La Dimensi\u00f3n Familia se encuentra dentro de la Comisi\u00f3n Episcopal para la Familia, Juventud, Adolescentes, Laicos y Vida. Cada Dimensi\u00f3n tiene un Obispo responsable.<\/p>\n<p>Nos unimos en la oraci\u00f3n por Mons. Alfonso Miranda Guardiola, en esta nueva encomienda.<\/p>\n","protected":false},"excerpt":{"rendered":"<p>Por: Juan Pablo V\u00e1zquez Rodr\u00edguez Monterrey, N.L. (www.pastoralsiglo21.org).- 10 de noviembre del 2021 Despu\u00e9s de haberse desempe\u00f1ado por dos trienios como Secretario General de la Conferencia<span class=\"excerpt-hellip\"> [\u2026]<\/span><\/p>\n","protected":false},"author":1,"featured_media":14967,"comment_status":"closed","ping_status":"closed","sticky":false,"template":"","format":"standard","meta":[],"categories":[110,14],"tags":[],"_links":{"self":[{"href":"https:\/\/www.arquidiocesismty.org\/arquimty\/wp-json\/wp\/v2\/posts\/14965"}],"collection":[{"href":"https:\/\/www.arquidiocesismty.org\/arquimty\/wp-json\/wp\/v2\/posts"}],"about":[{"href":"https:\/\/www.arquidiocesismty.org\/arquimty\/wp-json\/wp\/v2\/types\/post"}],"author":[{"embeddable":true,"href":"https:\/\/www.arquidiocesismty.org\/arquimty\/wp-json\/wp\/v2\/users\/1"}],"replies":[{"embeddable":true,"href":"https:\/\/www.arquidiocesismty.org\/arquimty\/wp-json\/wp\/v2\/comments?post=14965"}],"version-history":[{"count":1,"href":"https:\/\/www.arquidiocesismty.org\/arquimty\/wp-json\/wp\/v2\/posts\/14965\/revisions"}],"predecessor-version":[{"id":14966,"href":"https:\/\/www.arquidiocesismty.org\/arquimty\/wp-json\/wp\/v2\/posts\/14965\/revisions\/14966"}],"wp:featuredmedia":[{"embeddable":true,"href":"https:\/\/www.arquidiocesismty.org\/arquimty\/wp-json\/wp\/v2\/media\/14967"}],"wp:attachment":[{"href":"https:\/\/www.arquidiocesismty.org\/arquimty\/wp-json\/wp\/v2\/media?parent=14965"}],"wp:term":[{"taxonomy":"category","embeddable":true,"href":"https:\/\/www.arquidiocesismty.org\/arquimty\/wp-json\/wp\/v2\/categories?post=14965"},{"taxonomy":"post_tag","embeddable":true,"href":"https:\/\/www.arquidiocesismty.org\/arquimty\/wp-json\/wp\/v2\/tags?post=14965"}],"curies":[{"name":"wp","href":"https:\/\/api.w.org\/{rel}","templated":true}]}}