{"id":14960,"date":"2021-11-09T14:00:57","date_gmt":"2021-11-09T14:00:57","guid":{"rendered":"https:\/\/www.arquidiocesismty.org\/arquimty\/?p=14960"},"modified":"2021-11-09T14:06:41","modified_gmt":"2021-11-09T20:06:41","slug":"mons-rogelio-cabrera-es-reelecto-como-presidente-de-la-cem","status":"publish","type":"post","link":"https:\/\/www.arquidiocesismty.org\/arquimty\/mons-rogelio-cabrera-es-reelecto-como-presidente-de-la-cem\/","title":{"rendered":"MONS. ROGELIO CABRERA ES REELECTO COMO PRESIDENTE DE  LA CEM"},"content":{"rendered":"<p><em>Por: Juan Pablo V\u00e1zquez Rodr\u00edguez<\/em><br \/>\n<em>Monterrey, N.L. (www.pastoralsiglo21.org).- 09 de noviembre del 2021<\/em><\/p>\n<p><strong>Durante la CXI Asamblea Plenaria de la Conferencia del Episcopado Mexicano (CEM), el Arzobispo de Monterrey, Mons. Rogelio Cabrera L\u00f3pez, fue ratificado como Presidente del \u00f3rgano episcopal, en lo que ser\u00e1 su segundo periodo en el cargo.<\/strong><\/p>\n<p>Para dar continuidad a sus funciones, durante el trienio es 2021-2024 Mons. Rogelio Cabrera ser\u00e1 acompa\u00f1ado por el <strong>Arzobispo de Yucat\u00e1n, Mons. Gustavo Rodr\u00edguez Vega, quien fue electo como Vicepresidente<\/strong>, en sustituci\u00f3n de Mons. Carlos Garfias Merlos, Arzobispo de Morelia.<\/p>\n<p>Adem\u00e1s, los Obispos de M\u00e9xico eligieron a<strong> Mons. Ram\u00f3n Castro Castro, Obispo de la Di\u00f3cesis de Cuernavaca, como Secretario General de la CEM,<\/strong> en sustituci\u00f3n de Mons. Alfonso Miranda Guardiola, Obispo Auxiliar de la Arquidi\u00f3cesis de Monterrey. Al momento de la elecci\u00f3n, Mons. Ram\u00f3n Castro se desempe\u00f1aba como Tesorero General del organismo.<\/p>\n<p>Por su parte, <strong>Mons. Jorge Alberto Cavazos Arizpe, Obispo de San Juan de los Lagos, desempe\u00f1ar\u00e1 el cargo de Tesorero General<\/strong> durante los siguientes tres a\u00f1os.<\/p>\n<p>Como <strong>primer vocal fue electo Mons. Jaime Calder\u00f3n Calder\u00f3n<\/strong>, obispo de Tapachula y como <strong>segundo vocal Mons. Enrique D\u00edaz D\u00edaz<\/strong>, obispo de Irapuato.<\/p>\n","protected":false},"excerpt":{"rendered":"<p>Por: Juan Pablo V\u00e1zquez Rodr\u00edguez Monterrey, N.L. (www.pastoralsiglo21.org).- 09 de noviembre del 2021 Durante la CXI Asamblea Plenaria de la Conferencia del Episcopado Mexicano (CEM), el<span class=\"excerpt-hellip\"> [\u2026]<\/span><\/p>\n","protected":false},"author":1,"featured_media":14962,"comment_status":"closed","ping_status":"closed","sticky":false,"template":"","format":"standard","meta":[],"categories":[110,14],"tags":[],"_links":{"self":[{"href":"https:\/\/www.arquidiocesismty.org\/arquimty\/wp-json\/wp\/v2\/posts\/14960"}],"collection":[{"href":"https:\/\/www.arquidiocesismty.org\/arquimty\/wp-json\/wp\/v2\/posts"}],"about":[{"href":"https:\/\/www.arquidiocesismty.org\/arquimty\/wp-json\/wp\/v2\/types\/post"}],"author":[{"embeddable":true,"href":"https:\/\/www.arquidiocesismty.org\/arquimty\/wp-json\/wp\/v2\/users\/1"}],"replies":[{"embeddable":true,"href":"https:\/\/www.arquidiocesismty.org\/arquimty\/wp-json\/wp\/v2\/comments?post=14960"}],"version-history":[{"count":2,"href":"https:\/\/www.arquidiocesismty.org\/arquimty\/wp-json\/wp\/v2\/posts\/14960\/revisions"}],"predecessor-version":[{"id":14964,"href":"https:\/\/www.arquidiocesismty.org\/arquimty\/wp-json\/wp\/v2\/posts\/14960\/revisions\/14964"}],"wp:featuredmedia":[{"embeddable":true,"href":"https:\/\/www.arquidiocesismty.org\/arquimty\/wp-json\/wp\/v2\/media\/14962"}],"wp:attachment":[{"href":"https:\/\/www.arquidiocesismty.org\/arquimty\/wp-json\/wp\/v2\/media?parent=14960"}],"wp:term":[{"taxonomy":"category","embeddable":true,"href":"https:\/\/www.arquidiocesismty.org\/arquimty\/wp-json\/wp\/v2\/categories?post=14960"},{"taxonomy":"post_tag","embeddable":true,"href":"https:\/\/www.arquidiocesismty.org\/arquimty\/wp-json\/wp\/v2\/tags?post=14960"}],"curies":[{"name":"wp","href":"https:\/\/api.w.org\/{rel}","templated":true}]}}