{"id":14954,"date":"2021-11-08T19:00:58","date_gmt":"2021-11-08T19:00:58","guid":{"rendered":"https:\/\/www.arquidiocesismty.org\/arquimty\/?p=14954"},"modified":"2021-11-09T10:53:13","modified_gmt":"2021-11-09T16:53:13","slug":"primer-dia-de-la-asamblea-de-los-obispos-de-mexico","status":"publish","type":"post","link":"https:\/\/www.arquidiocesismty.org\/arquimty\/primer-dia-de-la-asamblea-de-los-obispos-de-mexico\/","title":{"rendered":"PRIMER D\u00cdA DE LA ASAMBLEA DE LOS OBISPOS DE M\u00c9XICO"},"content":{"rendered":"<p><em>Por: Juan Pablo V\u00e1zquez Rodr\u00edguez<\/em><br \/>\n<em>Monterrey, N.L. (www.pastoralsiglo21.org).- 08 de noviembre del 2021<\/em><\/p>\n<p><strong>Despu\u00e9s de realizar dos Asambleas Plenarias de manera online, los #Obispos de M\u00e9xico se re\u00fanen de manera presencial en su CXI Asamblea Plenaria, en donde se realizar\u00e1 la elecci\u00f3n de los 80 cargos de la estructura funcional del Episcopado Mexicano para el trienio 2021-2024.<\/strong><\/p>\n<p>En su mensaje inicial el Presidente de la Conferencia del Episcopado Mexicano y Arzobispo de Monterrey, Mons. Rogelio Cabrera L\u00f3pez, resalt\u00f3 el gran impacto causado por motivo de la pandemia.<\/p>\n<p>\u201cLa contingencia nos afect\u00f3 gravemente en lo sanitario, lo econ\u00f3mico, en la inseguridad y la violencia, que ya eran un flagelo para nuestro pueblo, en especial para los m\u00e1s pobres, y que se han vuelto m\u00e1s evidentes en este trienio\u201d.<\/p>\n<p>Mons. Rogelio resalt\u00f3 los compromisos que tienen los obispos de M\u00e9xico a corto y largo plazo. Entre los que destac\u00f3 los migrantes, los j\u00f3venes y la formaci\u00f3n de los sacerdotes.<\/p>\n<p>Tambi\u00e9n, apunt\u00f3 sobre los retos a corto plazo, \u201ctenemos grandes retos que afrontar para el futuro inmediato: el Encuentro Eclesial de M\u00e9xico, la Asamblea Eclesial de Am\u00e9rica Latina, y el S\u00ednodo sobre la Iglesia Sinodal\u201d.<\/p>\n<p>Por su parte el Nuncio Apost\u00f3lico en M\u00e9xico, resalt\u00f3 la gran necesidad de erradicar el clericalismo y la necesidad de ser una iglesia sinodal.<\/p>\n<p>\u201cLa Iglesia entera esta\u0301 llamada a confrontarse con el peso de una cultura impregnada de clericalismo heredado de su historia y de formas de ejercicio de la autoridad en las que se insertan los diversos tipos de abuso\u201d.<\/p>\n<p>Al referirse al s\u00ednodo convocado por el Papa Francisco se\u00f1al\u00f3:<\/p>\n<p>\u00abLa finalidad de este Si\u0301nodo, no es producir documentos, sino \u201chacer que germinen suen\u0303os, suscitar profeci\u0301as y visiones, hacer florecer esperanzas, estimular la confianza, vendar heridas, entretejer relaciones, resucitar una aurora de esperanza, aprender unos de otros, y crear un imaginario positivo que ilumine las mentes, enardezca los corazones, de\u0301 fuerza a las manos\u201d\u00bb<\/p>\n<p>Oremos para que la mirada de Santa Mar\u00eda de Guadalupe ilumine los trabajos que se realizar\u00e1n durante esta reuni\u00f3n de los Obispos Mexicanos.<\/p>\n","protected":false},"excerpt":{"rendered":"<p>Por: Juan Pablo V\u00e1zquez Rodr\u00edguez Monterrey, N.L. (www.pastoralsiglo21.org).- 08 de noviembre del 2021 Despu\u00e9s de realizar dos Asambleas Plenarias de manera online, los #Obispos de M\u00e9xico<span class=\"excerpt-hellip\"> [\u2026]<\/span><\/p>\n","protected":false},"author":1,"featured_media":14956,"comment_status":"closed","ping_status":"closed","sticky":false,"template":"","format":"standard","meta":[],"categories":[110,14],"tags":[],"_links":{"self":[{"href":"https:\/\/www.arquidiocesismty.org\/arquimty\/wp-json\/wp\/v2\/posts\/14954"}],"collection":[{"href":"https:\/\/www.arquidiocesismty.org\/arquimty\/wp-json\/wp\/v2\/posts"}],"about":[{"href":"https:\/\/www.arquidiocesismty.org\/arquimty\/wp-json\/wp\/v2\/types\/post"}],"author":[{"embeddable":true,"href":"https:\/\/www.arquidiocesismty.org\/arquimty\/wp-json\/wp\/v2\/users\/1"}],"replies":[{"embeddable":true,"href":"https:\/\/www.arquidiocesismty.org\/arquimty\/wp-json\/wp\/v2\/comments?post=14954"}],"version-history":[{"count":1,"href":"https:\/\/www.arquidiocesismty.org\/arquimty\/wp-json\/wp\/v2\/posts\/14954\/revisions"}],"predecessor-version":[{"id":14955,"href":"https:\/\/www.arquidiocesismty.org\/arquimty\/wp-json\/wp\/v2\/posts\/14954\/revisions\/14955"}],"wp:featuredmedia":[{"embeddable":true,"href":"https:\/\/www.arquidiocesismty.org\/arquimty\/wp-json\/wp\/v2\/media\/14956"}],"wp:attachment":[{"href":"https:\/\/www.arquidiocesismty.org\/arquimty\/wp-json\/wp\/v2\/media?parent=14954"}],"wp:term":[{"taxonomy":"category","embeddable":true,"href":"https:\/\/www.arquidiocesismty.org\/arquimty\/wp-json\/wp\/v2\/categories?post=14954"},{"taxonomy":"post_tag","embeddable":true,"href":"https:\/\/www.arquidiocesismty.org\/arquimty\/wp-json\/wp\/v2\/tags?post=14954"}],"curies":[{"name":"wp","href":"https:\/\/api.w.org\/{rel}","templated":true}]}}