{"id":14951,"date":"2021-11-08T15:00:10","date_gmt":"2021-11-08T15:00:10","guid":{"rendered":"https:\/\/www.arquidiocesismty.org\/arquimty\/?p=14951"},"modified":"2021-11-08T15:11:22","modified_gmt":"2021-11-08T21:11:22","slug":"primer-encuentro-de-mujeres-a-nivel-diocesano-en-monterrey","status":"publish","type":"post","link":"https:\/\/www.arquidiocesismty.org\/arquimty\/primer-encuentro-de-mujeres-a-nivel-diocesano-en-monterrey\/","title":{"rendered":"PRIMER ENCUENTRO DE MUJERES A NIVEL DIOCESANO EN MONTERREY"},"content":{"rendered":"<p><em>Por: Debany Vald\u00e9s<\/em><br \/>\n<em>Monterrey, N.L. (www.pastoralsiglo21.org).- 08 de noviembre del 2021<\/em><\/p>\n<p><strong>Anuncia Arzobispo de Monterrey que el pr\u00f3ximo 20 de noviembre se llevar\u00e1 a cabo 1er. Encuentro Diocesano de la Mujer en la Arquidi\u00f3cesis de Monterrey de manera virtual.<\/strong><\/p>\n<p><strong>En torno al Encuentro Eclesial de M\u00e9xico y el S\u00ednodo de los Obispos, se ha anunciado este evento el cual tendr\u00e1 como prop\u00f3sito \u201cgenerar un momento de di\u00e1logo sobre los retos, sue\u00f1os, dones y aportes de la mujer de la Iglesia de Monterrey en el contexto actual\u201d coment\u00f3 Mons. Rogelio Cabrera L\u00f3pez, en su mensaje dominical.<\/strong><\/p>\n<p>Este encuentro est\u00e1 organizado por el Consejo Arquidiocesano de Mujeres en conjunto de la Vicar\u00eda de Pastoral de Monterrey, quienes contemplan a representantes de todas las parroquias de la di\u00f3cesis.<\/p>\n<p>\u201cEsta convocatoria, como las que se realizar\u00e1n posteriormente, son un espacio importante en el que debe predominar la escucha, el di\u00e1logo y la reflexi\u00f3n, buscando siempre caminar juntos, ya que esto nos permitir\u00e1 interpretar la realidad con los ojos y el coraz\u00f3n del Dios, y solo as\u00ed podremos afrontar la complejidad de este tiempo, agradecidos por el recorrido realizado y decididos a continuarlo con valor y docilidad al Esp\u00edritu Santo\u201d se\u00f1al\u00f3 Don Rogelio, quien tambi\u00e9n participar\u00e1 en este evento, al igual que diversos sacerdotes y obispos.<\/p>\n<p>#IglesiaDeMonterrey<\/p>\n","protected":false},"excerpt":{"rendered":"<p>Por: Debany Vald\u00e9s Monterrey, N.L. (www.pastoralsiglo21.org).- 08 de noviembre del 2021 Anuncia Arzobispo de Monterrey que el pr\u00f3ximo 20 de noviembre se llevar\u00e1 a cabo 1er.<span class=\"excerpt-hellip\"> [\u2026]<\/span><\/p>\n","protected":false},"author":1,"featured_media":14953,"comment_status":"closed","ping_status":"closed","sticky":false,"template":"","format":"standard","meta":[],"categories":[7,14],"tags":[],"_links":{"self":[{"href":"https:\/\/www.arquidiocesismty.org\/arquimty\/wp-json\/wp\/v2\/posts\/14951"}],"collection":[{"href":"https:\/\/www.arquidiocesismty.org\/arquimty\/wp-json\/wp\/v2\/posts"}],"about":[{"href":"https:\/\/www.arquidiocesismty.org\/arquimty\/wp-json\/wp\/v2\/types\/post"}],"author":[{"embeddable":true,"href":"https:\/\/www.arquidiocesismty.org\/arquimty\/wp-json\/wp\/v2\/users\/1"}],"replies":[{"embeddable":true,"href":"https:\/\/www.arquidiocesismty.org\/arquimty\/wp-json\/wp\/v2\/comments?post=14951"}],"version-history":[{"count":1,"href":"https:\/\/www.arquidiocesismty.org\/arquimty\/wp-json\/wp\/v2\/posts\/14951\/revisions"}],"predecessor-version":[{"id":14952,"href":"https:\/\/www.arquidiocesismty.org\/arquimty\/wp-json\/wp\/v2\/posts\/14951\/revisions\/14952"}],"wp:featuredmedia":[{"embeddable":true,"href":"https:\/\/www.arquidiocesismty.org\/arquimty\/wp-json\/wp\/v2\/media\/14953"}],"wp:attachment":[{"href":"https:\/\/www.arquidiocesismty.org\/arquimty\/wp-json\/wp\/v2\/media?parent=14951"}],"wp:term":[{"taxonomy":"category","embeddable":true,"href":"https:\/\/www.arquidiocesismty.org\/arquimty\/wp-json\/wp\/v2\/categories?post=14951"},{"taxonomy":"post_tag","embeddable":true,"href":"https:\/\/www.arquidiocesismty.org\/arquimty\/wp-json\/wp\/v2\/tags?post=14951"}],"curies":[{"name":"wp","href":"https:\/\/api.w.org\/{rel}","templated":true}]}}