{"id":14945,"date":"2021-11-07T11:00:34","date_gmt":"2021-11-07T11:00:34","guid":{"rendered":"https:\/\/www.arquidiocesismty.org\/arquimty\/?p=14945"},"modified":"2021-11-08T08:32:28","modified_gmt":"2021-11-08T14:32:28","slug":"agradece-arzobispo-a-mons-oscar-tamez-por-su-trabajo-en-la-arquidiocesis-de-monterrey","status":"publish","type":"post","link":"https:\/\/www.arquidiocesismty.org\/arquimty\/agradece-arzobispo-a-mons-oscar-tamez-por-su-trabajo-en-la-arquidiocesis-de-monterrey\/","title":{"rendered":"AGRADECE ARZOBISPO A MONS. \u00d3SCAR TAMEZ POR SU TRABAJO EN LA ARQUIDI\u00d3CESIS DE MONTERREY"},"content":{"rendered":"<p><em>Por: Juan Pablo V\u00e1zquez Rodr\u00edguez<\/em><br \/>\n<em>Monterrey, N.L. (www.pastoralsiglo21.org).- 07 de noviembre del 2021<\/em><\/p>\n<p><strong>En su tradicional mensaje dominical, el Arzobispo de Monterrey Mons. Rogelio Cabrera L\u00f3pez, agradeci\u00f3 a Mons. \u00d3scar Tamez Villarreal, por su trabajo como sacerdote y como obispo en la Iglesia de Monterrey.<\/strong><\/p>\n<p>\u201cQuiero iniciar este mensaje agradeciendo a Dios el trabajo que Monse\u00f1or Oscar Tamez desempe\u00f1\u00f3 en nuestra Arquidi\u00f3cesis, primero como sacerdote y los \u00faltimos cuatro a\u00f1os como Obispo auxiliar, ya que el pr\u00f3ximo 17 de noviembre tomar\u00e1 posesi\u00f3n de la nueva encomienda que el Papa Francisco le ha dado para ser Obispo titular de la Di\u00f3cesis de Ciudad Victoria en Tamaulipas\u201d.<\/p>\n<p>\u201cPidamos a Dios le siga llenando de fortaleza y le conceda siempre la gracia necesaria para desempe\u00f1ar su ministerio con alegr\u00eda y generosidad\u201d.<\/p>\n<p>\u201cSabemos que su presencia en Ciudad Victoria ser\u00e1 una gran bendici\u00f3n para esta Di\u00f3cesis hermana que anhela la llegada de su pastor\u201d.<\/p>\n<p><strong>\u201cGracias Monse\u00f1or Oscar por tu dedicaci\u00f3n a las comunidades en donde serviste como presb\u00edtero, por tu trabajo en la promoci\u00f3n de las vocaciones sacerdotales y por ayudarme en la gu\u00eda pastoral como Obispo auxiliar en esta gran Arquidi\u00f3cesis\u201d.<\/strong><\/p>\n<p>Finalmente, a\u00f1adi\u00f3: \u201cQue nuestro Se\u00f1or recompense tu generosidad y te bendiga en esta nueva etapa de tu ministerio episcopal\u201d.<\/p>\n","protected":false},"excerpt":{"rendered":"<p>Por: Juan Pablo V\u00e1zquez Rodr\u00edguez Monterrey, N.L. (www.pastoralsiglo21.org).- 07 de noviembre del 2021 En su tradicional mensaje dominical, el Arzobispo de Monterrey Mons. Rogelio Cabrera L\u00f3pez,<span class=\"excerpt-hellip\"> [\u2026]<\/span><\/p>\n","protected":false},"author":1,"featured_media":14947,"comment_status":"closed","ping_status":"closed","sticky":false,"template":"","format":"standard","meta":[],"categories":[7,14],"tags":[],"_links":{"self":[{"href":"https:\/\/www.arquidiocesismty.org\/arquimty\/wp-json\/wp\/v2\/posts\/14945"}],"collection":[{"href":"https:\/\/www.arquidiocesismty.org\/arquimty\/wp-json\/wp\/v2\/posts"}],"about":[{"href":"https:\/\/www.arquidiocesismty.org\/arquimty\/wp-json\/wp\/v2\/types\/post"}],"author":[{"embeddable":true,"href":"https:\/\/www.arquidiocesismty.org\/arquimty\/wp-json\/wp\/v2\/users\/1"}],"replies":[{"embeddable":true,"href":"https:\/\/www.arquidiocesismty.org\/arquimty\/wp-json\/wp\/v2\/comments?post=14945"}],"version-history":[{"count":1,"href":"https:\/\/www.arquidiocesismty.org\/arquimty\/wp-json\/wp\/v2\/posts\/14945\/revisions"}],"predecessor-version":[{"id":14946,"href":"https:\/\/www.arquidiocesismty.org\/arquimty\/wp-json\/wp\/v2\/posts\/14945\/revisions\/14946"}],"wp:featuredmedia":[{"embeddable":true,"href":"https:\/\/www.arquidiocesismty.org\/arquimty\/wp-json\/wp\/v2\/media\/14947"}],"wp:attachment":[{"href":"https:\/\/www.arquidiocesismty.org\/arquimty\/wp-json\/wp\/v2\/media?parent=14945"}],"wp:term":[{"taxonomy":"category","embeddable":true,"href":"https:\/\/www.arquidiocesismty.org\/arquimty\/wp-json\/wp\/v2\/categories?post=14945"},{"taxonomy":"post_tag","embeddable":true,"href":"https:\/\/www.arquidiocesismty.org\/arquimty\/wp-json\/wp\/v2\/tags?post=14945"}],"curies":[{"name":"wp","href":"https:\/\/api.w.org\/{rel}","templated":true}]}}