{"id":14845,"date":"2021-10-10T16:00:31","date_gmt":"2021-10-10T16:00:31","guid":{"rendered":"https:\/\/www.arquidiocesismty.org\/arquimty\/?p=14845"},"modified":"2021-10-11T12:02:18","modified_gmt":"2021-10-11T17:02:18","slug":"misa-de-apertura-del-sinodo-el-papa-invits-a-los-obispos-a-encontrar-escuchar-y-discernir","status":"publish","type":"post","link":"https:\/\/www.arquidiocesismty.org\/arquimty\/misa-de-apertura-del-sinodo-el-papa-invits-a-los-obispos-a-encontrar-escuchar-y-discernir\/","title":{"rendered":"MISA DE APERTURA DEL S\u00cdNODO. EL PAPA INVITS A LOS OBISPOS A \u201cENCONTRAR\u201d, \u201cESCUCHAR\u201d Y \u201cDISCERNIR\u201d"},"content":{"rendered":"<p><em>Por: Juan Pablo V\u00e1zquez Rodr\u00edguez <\/em><br \/>\n<em>Monterrey, N.L. (www.pastoralsiglo21.org).- 10 de octubre del 2021<\/em><\/p>\n<p><strong>El Papa Francisco preside la Misa de apertura del S\u00ednodo de los Obispos 2021 y se detiene en 3 verbos que considera necesarios para que los Obispos caminen en la misma direcci\u00f3n: Encontrar, escuchar y discernir<\/strong>.<\/p>\n<p>\u201cUna persona, un hombre rico, corri\u00f3 hacia Jes\u00fas mientras \u00c9l \u00abiba de camino\u00bb\u201d. Con este pasaje del Evangelio seg\u00fan Marcos, 10,17, el Pont\u00edfice ha iniciado su homil\u00eda esta ma\u00f1ana durante la Misa de apertura del S\u00ednodo de los Obispos 2021 en la Bas\u00edlica de San Pedro en el Vaticano. Pero, \u00bfpor qu\u00e9 este pasaje? El Papa Francisco ha explicado que muchas veces los Evangelios nos presentan a Jes\u00fas \u201cen camino\u201d, acompa\u00f1ando al hombre en su marcha y escuchando las preguntas que pueblan e inquietan su coraz\u00f3n y ha asegurado que \u201chacer s\u00ednodo\u201d significa: \u201ccaminar juntos en la misma direcci\u00f3n\u201d. Es por ello que ha invitado a los obispos, las religiosas, los religiosos, las hermanas y hermanos laicos y todos los bautizados a practicar 3 verbos que considera necesarios para que se pueda cumplir ese \u201ccaminar juntos\u201d y que son: \u201cEncontrar, escuchar, discernir\u201d, porque \u2013 tal y como ha explicado \u2013 Jes\u00fas \u201cen primer lugar encontr\u00f3 en el camino al hombre rico, despu\u00e9s escuch\u00f3 sus preguntas y finalmente lo ayud\u00f3 a discernir qu\u00e9 ten\u00eda que hacer para heredar la vida eterna\u201d.<\/p>\n<p><strong>#Encontrar<\/strong><br \/>\n\u201cEl Evangelio comienza refiriendo un encuentro: Un hombre se encontr\u00f3 con Jes\u00fas y se arrodill\u00f3 ante \u00c9l, haci\u00e9ndole una pregunta decisiva: \u00abMaestro bueno, \u00bfQu\u00e9 tengo que hacer para heredar la vida eterna?\u00bb.\u201d<\/p>\n<p>El Papa Francisco ha le\u00eddo este pasaje del Evangelio para explicar el verbo \u201cencontrar\u201d que ha recomendado practicar a los obispos. Ha dicho que se trata de una pregunta muy importante que exige atenci\u00f3n, tiempo, disponibilidad para encontrarse con el otro y dejarse interpelar por su inquietud y que Jes\u00fas sabe que un encuentro puede cambiar la vida.<\/p>\n<p>Por ello, declara a quienes comienzan este camino sinodal que est\u00e1n llamados a ser expertos en el arte del encuentro: \u201cNo en organizar eventos o en hacer una reflexi\u00f3n te\u00f3rica de los problemas, sino tomarnos tiempo para estar con el Se\u00f1or y favorecer el encuentro entre nosotros. Un tiempo para dar espacio a la oraci\u00f3n, a la adoraci\u00f3n, a lo que el Esp\u00edritu quiere decir a la Iglesia; para enfocarnos en el rostro y la palabra del otro, encontrarnos cara a cara, dejarnos alcanzar por las preguntas de las hermanas y los hermanos\u201d.<\/p>\n<p><strong>#Escuchar<\/strong><br \/>\n\u201cUn verdadero encuentro s\u00f3lo nace de la escucha. Jes\u00fas, en efecto, se puso a escuchar la pregunta de aquel hombre y su inquietud religiosa y existencial. No dio una respuesta formal, no ofreci\u00f3 una soluci\u00f3n prefabricada, no fingi\u00f3 responder con amabilidad s\u00f3lo para librarse de \u00e9l y continuar su camino. Lo escuch\u00f3.\u201d<\/p>\n<p>El segundo verbo que el Papa a propuesto a los obispos es \u201cescuchar\u201d. \u201cJes\u00fas \u2013 dice el Papa \u2013 no tiene miedo de escuchar con el coraz\u00f3n y no s\u00f3lo con los o\u00eddos\u201d, de hecho \u2013 puntualiza \u2013 \u201ccuando escuchamos con el coraz\u00f3n sucede esto: el otro se siente acogido, no juzgado, libre para contar la propia experiencia de vida y el propio camino espiritual\u201d. Por ello, pide hoy a la Iglesia que se pregunte en este itinerario sinodal: \u00bfC\u00f3mo estamos con la escucha? \u00bfC\u00f3mo va \u201cel o\u00eddo\u201d de nuestro coraz\u00f3n? \u00bfPermitimos a las personas que se expresen, que caminen en la fe aun cuando tengan recorridos de vida dif\u00edciles, que contribuyan a la vida de la comunidad sin que se les pongan trabas, sin que sean rechazadas o juzgadas? \u201cHacer s\u00ednodo \u2013 subraya el Papa \u2013 es ponerse en el mismo camino del Verbo hecho hombre, es seguir sus huellas, escuchando su Palabra junto a las palabras de los dem\u00e1s\u201d y hoy el Esp\u00edritu nos pide \u201cque nos pongamos a la escucha de las preguntas, de los afanes, de las esperanzas de cada Iglesia, de cada pueblo y naci\u00f3n. Y tambi\u00e9n a la escucha del mundo, de los desaf\u00edos y los cambios que nos pone delante. No insonoricemos el coraz\u00f3n, no nos blindemos dentro de nuestras certezas. Escuch\u00e9monos\u201d.<\/p>\n<p><strong>#Discernir<\/strong><br \/>\n\u201cJes\u00fas intuye que el hombre que tiene delante es bueno, religioso y practica los mandamientos, pero quiere conducirlo m\u00e1s all\u00e1 de la simple observancia de los preceptos. En el di\u00e1logo, lo ayuda a discernir. Le propone que mire su interior, a la luz del amor con el que \u00c9l mismo, mir\u00e1ndolo, lo ama (cf. v. 21), y que con esta luz discierna a qu\u00e9 est\u00e1 apegado verdaderamente su coraz\u00f3n.\u201d<\/p>\n<p>Por \u00faltimo, el tercer verbo que propone el Pont\u00edfice es \u201cdiscernir\u201d. Francisco explica que \u201cel encuentro\u201d y \u201cla escucha rec\u00edproca\u201d no son algo que acaba en s\u00ed mismo, que deja las cosas tal como est\u00e1n, al contrario, \u201ccuando entramos en di\u00e1logo, iniciamos el debate y el camino, y al final no somos los mismos de antes, hemos cambiado\u201d ha dicho el Papa.<\/p>\n<p>La ultima invitaci\u00f3n del Papa a los obispos es que entiendan el s\u00ednodo \u201ccomo un camino de discernimiento espiritual\u201d, que se realiza en la adoraci\u00f3n, en la oraci\u00f3n, en contacto con la Palabra de Dios; pues es \u201cla Palabra \u2013 se\u00f1ala \u2013 la que nos abre al discernimiento y lo ilumina, orienta el S\u00ednodo para que no sea una \u201cconvenci\u00f3n\u201d eclesial, una conferencia de estudios, un congreso pol\u00edtico o un parlamento, sino un acontecimiento de gracia, un proceso de sanaci\u00f3n guiado por el Esp\u00edritu Santo\u201d.<\/p>\n<p>El Papa concluye su homil\u00eda asegurando que Jes\u00fas, como hizo con el hombre rico del Evangelio, \u201cnos llama en estos d\u00edas a vaciarnos, a liberarnos de lo que es mundano, y tambi\u00e9n de nuestros modelos pastorales repetitivos; a interrogarnos sobre lo que Dios nos quiere decir en este tiempo y en qu\u00e9 direcci\u00f3n quiere orientarnos\u201d.<\/p>\n","protected":false},"excerpt":{"rendered":"<p>Por: Juan Pablo V\u00e1zquez Rodr\u00edguez Monterrey, N.L. (www.pastoralsiglo21.org).- 10 de octubre del 2021 El Papa Francisco preside la Misa de apertura del S\u00ednodo de los Obispos<span class=\"excerpt-hellip\"> [\u2026]<\/span><\/p>\n","protected":false},"author":1,"featured_media":14847,"comment_status":"closed","ping_status":"closed","sticky":false,"template":"","format":"standard","meta":[],"categories":[112,14],"tags":[],"_links":{"self":[{"href":"https:\/\/www.arquidiocesismty.org\/arquimty\/wp-json\/wp\/v2\/posts\/14845"}],"collection":[{"href":"https:\/\/www.arquidiocesismty.org\/arquimty\/wp-json\/wp\/v2\/posts"}],"about":[{"href":"https:\/\/www.arquidiocesismty.org\/arquimty\/wp-json\/wp\/v2\/types\/post"}],"author":[{"embeddable":true,"href":"https:\/\/www.arquidiocesismty.org\/arquimty\/wp-json\/wp\/v2\/users\/1"}],"replies":[{"embeddable":true,"href":"https:\/\/www.arquidiocesismty.org\/arquimty\/wp-json\/wp\/v2\/comments?post=14845"}],"version-history":[{"count":1,"href":"https:\/\/www.arquidiocesismty.org\/arquimty\/wp-json\/wp\/v2\/posts\/14845\/revisions"}],"predecessor-version":[{"id":14846,"href":"https:\/\/www.arquidiocesismty.org\/arquimty\/wp-json\/wp\/v2\/posts\/14845\/revisions\/14846"}],"wp:featuredmedia":[{"embeddable":true,"href":"https:\/\/www.arquidiocesismty.org\/arquimty\/wp-json\/wp\/v2\/media\/14847"}],"wp:attachment":[{"href":"https:\/\/www.arquidiocesismty.org\/arquimty\/wp-json\/wp\/v2\/media?parent=14845"}],"wp:term":[{"taxonomy":"category","embeddable":true,"href":"https:\/\/www.arquidiocesismty.org\/arquimty\/wp-json\/wp\/v2\/categories?post=14845"},{"taxonomy":"post_tag","embeddable":true,"href":"https:\/\/www.arquidiocesismty.org\/arquimty\/wp-json\/wp\/v2\/tags?post=14845"}],"curies":[{"name":"wp","href":"https:\/\/api.w.org\/{rel}","templated":true}]}}