{"id":14822,"date":"2021-10-01T22:57:44","date_gmt":"2021-10-01T22:57:44","guid":{"rendered":"https:\/\/www.arquidiocesismty.org\/arquimty\/?p=14822"},"modified":"2021-10-04T11:20:12","modified_gmt":"2021-10-04T16:20:12","slug":"mexico-tiene-el-desafio-de-recibir-ser-hospitalario-y-ser-amigable-con-los-migrantes","status":"publish","type":"post","link":"https:\/\/www.arquidiocesismty.org\/arquimty\/mexico-tiene-el-desafio-de-recibir-ser-hospitalario-y-ser-amigable-con-los-migrantes\/","title":{"rendered":"M\u00c9XICO TIENE EL DESAF\u00cdO DE RECIBIR, SER HOSPITALARIO Y SER AMIGABLE CON LOS MIGRANTES"},"content":{"rendered":"<p><em>Por: Debany Vald\u00e9s <\/em><br \/>\n<em>Monterrey, N.L. (www.pastoralsiglo21.org).- 1 de octubre del 2021<\/em><\/p>\n<p><strong>En su visita al Vaticano, Mons. Rogelio Cabrera L\u00f3pez Presidente de la Conferencia del Episcopado Mexicano, comparti\u00f3 los desaf\u00edos a los que se enfrenta M\u00e9xico actualmente y la respuesta que la Iglesia ha brindado ante el fen\u00f3meno migratorio.<\/strong><\/p>\n<p>En una entrevista para Radio Vaticano-VaticanNews, el tambi\u00e9n Arzobispo de Monterrey mencion\u00f3 las tres principales problem\u00e1ticas que emergen al pa\u00eds Mexicano:<\/p>\n<p><strong>\u201cTenemos este desaf\u00edo los Obispos de M\u00e9xico de llamar y convocar al pueblo a responder de manera comunitaria a estos problemas, que no son solo de la autoridad sino de todo el pa\u00eds. Y queremos tambi\u00e9n ser solidarios en la b\u00fasqueda de soluciones. Ah\u00ed est\u00e1n los tres grandes problemas: problemas de salud, problemas de pobreza y desde luego de seguridad y de paz social\u201d.<\/strong><\/p>\n<p>A su vez, se le cuestion\u00f3 sobre el compromiso que la Iglesia de M\u00e9xico tiene para con las personas que han salido de su pa\u00eds de origen y forman parte del fen\u00f3meno migratorio:<\/p>\n<p>\u201c<strong>M\u00e9xico tiene una vocaci\u00f3n de ser un corredor humanitario.<\/strong> Somos el pasillo natural, de centro y Sudam\u00e9rica y del mundo entero hacia los Estados Unidos. Entendemos cu\u00e1l es nuestra vocaci\u00f3n de ser hu\u00e9spedes y de que permitamos que haya una ruta segura hacia d\u00f3nde quiere ir la gente\u201d.<\/p>\n<p><strong>\u201cEn este momento de modo especial el pueblo de Hait\u00ed que ha sido golpeado por muchas situaciones de violencia, de pobreza y con la grande necesidad de buscar una mejor vida. M\u00e9xico est\u00e1 en este desaf\u00edo de recibirlos y de ser hospitalarios, ser amigables\u201d.<\/strong><\/p>\n<p>Monse\u00f1or Rogelio, comparti\u00f3 la situaci\u00f3n que actualmente vive la Arquidi\u00f3cesis de Monterrey, ante la reciente llegada de los 1200 hermanos Haitianos y de la respuesta que ha tenido el pueblo para con ellos y resalt\u00f3 el apoyo que la Iglesia de Tapachula ha brindado, siendo la zona m\u00e1s inundada de migrantes :<\/p>\n<p>\u201cLa poblaci\u00f3n en M\u00e9xico y desde luego en el Norte, all\u00e1 en Monterrey ha sido muy buena. Hicimos la convocatoria, gracias a Dios podemos darles de comer, podemos ofrecerles la atenci\u00f3n b\u00e1sica de salud, pero tambi\u00e9n estamos apoy\u00e1ndoles para que tramiten sus permisos y desde luego su causa de refugio en los Estados Unidos\u201d.<\/p>\n<p><strong>\u201cM\u00e9xico es amable creo yo, aunque haya personas que abusen de la autoridad, pero los ciudadanos, el pueblo en general, los est\u00e1 recibiendo bastante bien con amistad, con respeto\u201d.<\/strong><\/p>\n<p>\u201cLa Iglesia de Tapachula, en medio de su pobreza, han tendido la mano desde su pobreza les han compartido el alimento y les han ayudado en el momento m\u00e1s dif\u00edcil de su salud\u201d.<\/p>\n<p>Como Presidente de la Conferencia del Episcopado Mexicano, se\u00f1al\u00f3 la importancia que tiene que los Obispos de M\u00e9xico intercedan ante las autoridades para exigir la ayuda y el respeto de los derechos humanos de quienes viven vulnerables en la ola migratoria:<\/p>\n<p>\u201cNo debemos de callar esta exigencia desde que salen, hasta d\u00f3nde llegan. Tienen el sue\u00f1o americano, pero tambi\u00e9n creo yo que algunos se est\u00e1n convenciendo de que al menos temporalmente estar\u00e1n en M\u00e9xico; queremos que encuentren ah\u00ed hogar, que encuentren ah\u00ed trabajo, aunque no las mismas prestaciones y los mismos costos de Estados Unidos, pero creo qu\u00e9 hay un momento de mucha hospitalidad\u201d.<\/p>\n<p>\u201cNos hemos hecho eco de la preocupaci\u00f3n del Santo Padre, tenemos muchas casas de migrantes a lo largo del pa\u00eds. Est\u00e1n todos los sacerdotes y los encargados de las casas, con muy buen \u00e1nimo, cansados pero sin dejar de luchar y de atender a esta emergencia humanitaria\u201d.<\/p>\n<p>#IglesiaDeM\u00e9xico<\/p>\n","protected":false},"excerpt":{"rendered":"<p>Por: Debany Vald\u00e9s Monterrey, N.L. (www.pastoralsiglo21.org).- 1 de octubre del 2021 En su visita al Vaticano, Mons. Rogelio Cabrera L\u00f3pez Presidente de la Conferencia del Episcopado<span class=\"excerpt-hellip\"> [\u2026]<\/span><\/p>\n","protected":false},"author":1,"featured_media":14824,"comment_status":"closed","ping_status":"closed","sticky":false,"template":"","format":"standard","meta":[],"categories":[110,14],"tags":[],"_links":{"self":[{"href":"https:\/\/www.arquidiocesismty.org\/arquimty\/wp-json\/wp\/v2\/posts\/14822"}],"collection":[{"href":"https:\/\/www.arquidiocesismty.org\/arquimty\/wp-json\/wp\/v2\/posts"}],"about":[{"href":"https:\/\/www.arquidiocesismty.org\/arquimty\/wp-json\/wp\/v2\/types\/post"}],"author":[{"embeddable":true,"href":"https:\/\/www.arquidiocesismty.org\/arquimty\/wp-json\/wp\/v2\/users\/1"}],"replies":[{"embeddable":true,"href":"https:\/\/www.arquidiocesismty.org\/arquimty\/wp-json\/wp\/v2\/comments?post=14822"}],"version-history":[{"count":1,"href":"https:\/\/www.arquidiocesismty.org\/arquimty\/wp-json\/wp\/v2\/posts\/14822\/revisions"}],"predecessor-version":[{"id":14823,"href":"https:\/\/www.arquidiocesismty.org\/arquimty\/wp-json\/wp\/v2\/posts\/14822\/revisions\/14823"}],"wp:featuredmedia":[{"embeddable":true,"href":"https:\/\/www.arquidiocesismty.org\/arquimty\/wp-json\/wp\/v2\/media\/14824"}],"wp:attachment":[{"href":"https:\/\/www.arquidiocesismty.org\/arquimty\/wp-json\/wp\/v2\/media?parent=14822"}],"wp:term":[{"taxonomy":"category","embeddable":true,"href":"https:\/\/www.arquidiocesismty.org\/arquimty\/wp-json\/wp\/v2\/categories?post=14822"},{"taxonomy":"post_tag","embeddable":true,"href":"https:\/\/www.arquidiocesismty.org\/arquimty\/wp-json\/wp\/v2\/tags?post=14822"}],"curies":[{"name":"wp","href":"https:\/\/api.w.org\/{rel}","templated":true}]}}