{"id":14732,"date":"2021-09-22T22:05:47","date_gmt":"2021-09-22T22:05:47","guid":{"rendered":"https:\/\/www.arquidiocesismty.org\/arquimty\/?p=14732"},"modified":"2021-09-23T23:50:49","modified_gmt":"2021-09-24T04:50:49","slug":"arzobispo-de-monterrey-da-bienvenida-a-hermanos-migrantes-procedentes-de-haiti","status":"publish","type":"post","link":"https:\/\/www.arquidiocesismty.org\/arquimty\/arzobispo-de-monterrey-da-bienvenida-a-hermanos-migrantes-procedentes-de-haiti\/","title":{"rendered":"ARZOBISPO DE MONTERREY DA BIENVENIDA A HERMANOS MIGRANTES PROCEDENTES DE HAIT\u00cd"},"content":{"rendered":"<p><strong>Por Juan Pablo V\u00e1zquez Rodr\u00edguez\u00a0<\/strong><\/p>\n<p><em>Monterrey, N.L. (www.pastoralsiglo21.org).- 22 de septiembre del 2021<\/em><\/p>\n<p><strong>Justo al sonar las campanas que anunciaban el rezo del \u00c1ngelus, el Arzobispo de Monterrey, arrib\u00f3 a las instalaciones de la Casa INDI, la cual en los \u00faltimos d\u00edas a recibido a poco m\u00e1s de 800 hermanos migrantes procedentes de Hait\u00ed.<\/strong><\/p>\n<p>El tambi\u00e9n Presidente de la Conferencia del Episcopado Mexicano, acudi\u00f3 al hogar para indigentes y migrantes, para darles la bienvenida y ofrecerles la ayuda humanitaria.<\/p>\n<p><strong>\u201cQuiero en nombre de esta Iglesia de Monterrey darles la bienvenida aqu\u00ed con nosotros, sepan de nuestra estima, sepan de nuestro inter\u00e9s por ustedes y queremos que en medio de los problemas que tienen en este caminar hacia el norte, pueda ser para ustedes un lugar de oasis\u201d.<\/strong><\/p>\n<p><img decoding=\"async\" loading=\"lazy\" class=\"size-medium wp-image-14737 alignright\" src=\"https:\/\/www.arquidiocesismty.org\/arquimty\/wp-content\/uploads\/2021\/09\/ARQUI-2-ARZOBISPO-DA-BIENVENIDA-A-HERMANOS-HAITIANOS-300x171.png\" alt=\"\" width=\"300\" height=\"171\" srcset=\"https:\/\/www.arquidiocesismty.org\/arquimty\/wp-content\/uploads\/2021\/09\/ARQUI-2-ARZOBISPO-DA-BIENVENIDA-A-HERMANOS-HAITIANOS-300x171.png 300w, https:\/\/www.arquidiocesismty.org\/arquimty\/wp-content\/uploads\/2021\/09\/ARQUI-2-ARZOBISPO-DA-BIENVENIDA-A-HERMANOS-HAITIANOS-768x439.png 768w, https:\/\/www.arquidiocesismty.org\/arquimty\/wp-content\/uploads\/2021\/09\/ARQUI-2-ARZOBISPO-DA-BIENVENIDA-A-HERMANOS-HAITIANOS-256x146.png 256w, https:\/\/www.arquidiocesismty.org\/arquimty\/wp-content\/uploads\/2021\/09\/ARQUI-2-ARZOBISPO-DA-BIENVENIDA-A-HERMANOS-HAITIANOS-50x29.png 50w, https:\/\/www.arquidiocesismty.org\/arquimty\/wp-content\/uploads\/2021\/09\/ARQUI-2-ARZOBISPO-DA-BIENVENIDA-A-HERMANOS-HAITIANOS-131x75.png 131w, https:\/\/www.arquidiocesismty.org\/arquimty\/wp-content\/uploads\/2021\/09\/ARQUI-2-ARZOBISPO-DA-BIENVENIDA-A-HERMANOS-HAITIANOS.png 798w\" sizes=\"(max-width: 300px) 100vw, 300px\" \/><\/p>\n<p>Monse\u00f1or Cabrera L\u00f3pez, coment\u00f3 a los hermanos haitianos que buscar\u00e1n brindarles todo el apoyo por medio de casa INDI.<\/p>\n<p>\u201cCuentan con nuestro cari\u00f1o, con nuestro respeto y en la medida de nuestras posibilidades ayudarles con lo que podemos. Con el padre Felipe y el equipo de apoyo estar\u00e1n al pendiente de ustedes\u201d.<\/p>\n<p><strong>\u201cHaremos todo lo que est\u00e1 de nuestra parte y tambi\u00e9n desde aqu\u00ed pedimos a nuestras autoridades que les apoyen en aquello que ustedes necesitan, es importante que todos en M\u00e9xico los tratemos como ustedes se lo merecen, como miembros de nuestra sociedad y tambi\u00e9n como parte de a humanidad\u201d.<\/strong><\/p>\n<p>Finalmente, Don Rogelio les expres\u00f3:<\/p>\n<p>\u201cOjal\u00e1 en lo que resta de su permanencia aqu\u00ed se sientan muy bien, y si alguien decide quedarse a vivir en Monterrey, el padre Felipe buscar\u00e1 la manera de apoyarles respetando siempre su decisi\u00f3n\u201d.<\/p>\n<p>Posteriormente, en entrevista con los representantes de los medios de comunicaci\u00f3n, el Arzobispo solicit\u00f3 a las autoridades el apoyo pertinente para esta situaci\u00f3n humanitaria.<\/p>\n<p>\u201cLa Casa INDI est\u00e1 haciendo lo m\u00e1s que puede, y pedimos a las autoridades que m\u00e1s que venir a ver qu\u00e9 no estamos haciendo bien, que nos apoyen para responder de la mejor manera a esto que est\u00e1 ocurriendo\u201d.<\/p>\n<p>El Arzobispo solicit\u00f3 tambi\u00e9n a trav\u00e9s de los medios de comunicaci\u00f3n que las autoridades puedan respetar a las personas migrantes y a la comunidad en general su apoyo para tener lo necesario para nuestros hermanos.<\/p>\n<p>#IglesiaDeMonterrey<\/p>\n","protected":false},"excerpt":{"rendered":"<p>Por Juan Pablo V\u00e1zquez Rodr\u00edguez\u00a0 Monterrey, N.L. (www.pastoralsiglo21.org).- 22 de septiembre del 2021 Justo al sonar las campanas que anunciaban el rezo del \u00c1ngelus, el Arzobispo<span class=\"excerpt-hellip\"> [\u2026]<\/span><\/p>\n","protected":false},"author":1,"featured_media":14737,"comment_status":"closed","ping_status":"closed","sticky":false,"template":"","format":"standard","meta":[],"categories":[7,14],"tags":[],"_links":{"self":[{"href":"https:\/\/www.arquidiocesismty.org\/arquimty\/wp-json\/wp\/v2\/posts\/14732"}],"collection":[{"href":"https:\/\/www.arquidiocesismty.org\/arquimty\/wp-json\/wp\/v2\/posts"}],"about":[{"href":"https:\/\/www.arquidiocesismty.org\/arquimty\/wp-json\/wp\/v2\/types\/post"}],"author":[{"embeddable":true,"href":"https:\/\/www.arquidiocesismty.org\/arquimty\/wp-json\/wp\/v2\/users\/1"}],"replies":[{"embeddable":true,"href":"https:\/\/www.arquidiocesismty.org\/arquimty\/wp-json\/wp\/v2\/comments?post=14732"}],"version-history":[{"count":4,"href":"https:\/\/www.arquidiocesismty.org\/arquimty\/wp-json\/wp\/v2\/posts\/14732\/revisions"}],"predecessor-version":[{"id":14755,"href":"https:\/\/www.arquidiocesismty.org\/arquimty\/wp-json\/wp\/v2\/posts\/14732\/revisions\/14755"}],"wp:featuredmedia":[{"embeddable":true,"href":"https:\/\/www.arquidiocesismty.org\/arquimty\/wp-json\/wp\/v2\/media\/14737"}],"wp:attachment":[{"href":"https:\/\/www.arquidiocesismty.org\/arquimty\/wp-json\/wp\/v2\/media?parent=14732"}],"wp:term":[{"taxonomy":"category","embeddable":true,"href":"https:\/\/www.arquidiocesismty.org\/arquimty\/wp-json\/wp\/v2\/categories?post=14732"},{"taxonomy":"post_tag","embeddable":true,"href":"https:\/\/www.arquidiocesismty.org\/arquimty\/wp-json\/wp\/v2\/tags?post=14732"}],"curies":[{"name":"wp","href":"https:\/\/api.w.org\/{rel}","templated":true}]}}