{"id":14661,"date":"2021-09-09T01:49:46","date_gmt":"2021-09-09T01:49:46","guid":{"rendered":"https:\/\/www.arquidiocesismty.org\/arquimty\/?p=14661"},"modified":"2021-09-09T11:16:43","modified_gmt":"2021-09-09T16:16:43","slug":"obispos-de-mexico-ofrecen-misa-de-la-natividad-de-maria-por-el-fallecimiento-de-mons-juan-guillermo-lopez-soto","status":"publish","type":"post","link":"https:\/\/www.arquidiocesismty.org\/arquimty\/obispos-de-mexico-ofrecen-misa-de-la-natividad-de-maria-por-el-fallecimiento-de-mons-juan-guillermo-lopez-soto\/","title":{"rendered":"OBISPOS DE M\u00c9XICO OFRECEN MISA DE LA NATIVIDAD DE MAR\u00cdA POR EL FALLECIMIENTO DE MONS. JUAN GUILLERMO L\u00d3PEZ SOTO"},"content":{"rendered":"<p><em>Monterrey, N.L. (www.pastoralsiglo21.org).- 8 de septiembre del 2021<\/em><\/p>\n<p><strong>La ma\u00f1ana de este mi\u00e9rcoles, entorno a la natividad de santa Mar\u00eda, Mons. Juan Guillermo L\u00f3pez Soto, obispo de Cuauht\u00e9moc Madera fue llamado a la casa del Padre a los 74 a\u00f1os de edad.<\/strong><\/p>\n<p><strong>Mons. Roberto Yenny Garc\u00eda, Obispo de Cd. Valles presidi\u00f3 la Eucarist\u00eda en el tercer d\u00eda de la semana de formaci\u00f3n permanente que est\u00e1n viviendo los Obispos de M\u00e9xico.<\/strong><\/p>\n<blockquote><p><strong>\u201cEsta ni\u00f1a reci\u00e9n nacida que hoy celebramos es la aurora que nos da la certeza de que est\u00e1 apunto de brillar la salvaci\u00f3n, en Jes\u00fas\u201d.<\/strong><\/p><\/blockquote>\n<p>Durante la homil\u00eda Mons. Yenny nos invit\u00f3 a reflexionar en qu\u00e9 tan bien estamos llevando a cabo el cumplimento de nuestra misi\u00f3n, si estamos siendo como Mar\u00eda Sant\u00edsima, la luz de la aurora, que viene a alumbrar las tinieblas de la oscuridad.<\/p>\n<p>\u201cHoy estamos celebrando la Natividad de Mar\u00eda, su cumplea\u00f1os, y eso nos alegra mucho como Iglesia, como creyentes, porque nos recuerda el nacimiento de una mujer maravillosa que antecedi\u00f3 el cumplimiento de la gran promesa de Dios, la Encarnaci\u00f3n de Jes\u00fas, el Emmanuel, el Dios con nosotros, como anunci\u00f3 el \u00c1ngel del Se\u00f1or a San Jos\u00e9\u201d.<\/p>\n<p>\u201cEl nacimiento de Mar\u00eda entonces es como las primeras luces de la aurora, que no es todav\u00eda la plenitud de la luz al comienzo de un d\u00eda, pero que anuncia al sol que nace de lo alto; un sol que viene a disipar completamente las tinieblas de una noche que parec\u00eda interminable en la historia de la humanidad\u201d.<\/p>\n<p>\u201cEl comienzo de la vida de Mar\u00eda su nacimiento, su natividad, es entonces ese \u00faltimo paso de Dios antes de consumar su plan de redenci\u00f3n en Cristo, que ser\u00e1 concebido en su seno virginal un poco despu\u00e9s; amando maternalmente y acompa\u00f1ado silenciosa y amorosamente hasta vivir la pascua que nos obtendr\u00eda la salvaci\u00f3n. As\u00ed de bien Mar\u00eda cumpli\u00f3 su Misi\u00f3n\u201d.<\/p>\n<p>\u201cAs\u00ed que al celebrar la Natividad, celebramos la grandeza del acontecimiento hist\u00f3rico de su nacimiento pero tambi\u00e9n de toda su vida, en obediencia a Dios y de una entrega generosa en su misi\u00f3n\u201d.<\/p>\n<p>\u201cContrastemos nuestra vida, nuestra biograf\u00eda con la de Mar\u00eda y veamos si hemos sido igual de d\u00f3ciles, si hemos sido buenos disc\u00edpulos del maestro; si hemos dejado que Jesucristo se encarne en nosotros y nosotros hemos empezado a reflejarlo en todas nuestras actitudes, nuestras acciones, nuestras relaciones\u201d.<\/p>\n<p>\u201cNuestra misi\u00f3n como bautizados, como Iglesia en M\u00e9xico, c\u00f3mo colegio episcopal en medio de las obscuridades de este mundo, la estamos desempe\u00f1ando de manera que son esa aurora que anuncia, que da la certeza de que Jes\u00fas viene a salvar, viene a redimir todas esas circunstancias tan adversas en las que est\u00e1n muchas personas sufriendo a diario\u201d.<\/p>\n<p>\u201cLos dem\u00e1s podr\u00e1n ver en el desempe\u00f1o de nuestra misi\u00f3n como obispos, o cada quien en su propia vocaci\u00f3n y misi\u00f3n estar\u00e1 siendo para los dem\u00e1s una bendici\u00f3n\u201d.<\/p>\n<p>\u201cAunque hoy no sea nuestro cumplea\u00f1os pueden alegrarse porque seguimos vivos, porque seguimos anunciando nuestra forma de ser, nuestra forma de desempe\u00f1ar nuestra misi\u00f3n, que la salvaci\u00f3n del Se\u00f1or est\u00e1 llegando a tantas realidades que lo necesitan\u201d.<\/p>\n<p>\u201cAlentados con ella hagamos que nuestra vida, nuestra actividad y planes pastorales; el cumplimento de nuestros compromisos laborales del PGP, de nuestro camino espiritual, de todos nuestros proyectos diocesanos y sobre todo nuestras actitudes y acciones concretas sean la expresi\u00f3n de un Dios que sigue amando y redimiendo a su pueblo\u201d.<\/p>\n<p>Antes de finalizar la celebraci\u00f3n Mons. Yenny envi\u00f3 las condolencias de parte de toda la Conferencia del Episcopado Mexicano para la di\u00f3cesis de Cuauht\u00e9moc Madera y para los familiares y amigos de Mons. Juan Guillermo.<\/p>\n<p>#IglesiaDeM\u00e9xico<\/p>\n","protected":false},"excerpt":{"rendered":"<p>Monterrey, N.L. (www.pastoralsiglo21.org).- 8 de septiembre del 2021 La ma\u00f1ana de este mi\u00e9rcoles, entorno a la natividad de santa Mar\u00eda, Mons. Juan Guillermo L\u00f3pez Soto, obispo<span class=\"excerpt-hellip\"> [\u2026]<\/span><\/p>\n","protected":false},"author":1,"featured_media":0,"comment_status":"closed","ping_status":"closed","sticky":false,"template":"","format":"standard","meta":[],"categories":[110,14],"tags":[],"_links":{"self":[{"href":"https:\/\/www.arquidiocesismty.org\/arquimty\/wp-json\/wp\/v2\/posts\/14661"}],"collection":[{"href":"https:\/\/www.arquidiocesismty.org\/arquimty\/wp-json\/wp\/v2\/posts"}],"about":[{"href":"https:\/\/www.arquidiocesismty.org\/arquimty\/wp-json\/wp\/v2\/types\/post"}],"author":[{"embeddable":true,"href":"https:\/\/www.arquidiocesismty.org\/arquimty\/wp-json\/wp\/v2\/users\/1"}],"replies":[{"embeddable":true,"href":"https:\/\/www.arquidiocesismty.org\/arquimty\/wp-json\/wp\/v2\/comments?post=14661"}],"version-history":[{"count":2,"href":"https:\/\/www.arquidiocesismty.org\/arquimty\/wp-json\/wp\/v2\/posts\/14661\/revisions"}],"predecessor-version":[{"id":14665,"href":"https:\/\/www.arquidiocesismty.org\/arquimty\/wp-json\/wp\/v2\/posts\/14661\/revisions\/14665"}],"wp:attachment":[{"href":"https:\/\/www.arquidiocesismty.org\/arquimty\/wp-json\/wp\/v2\/media?parent=14661"}],"wp:term":[{"taxonomy":"category","embeddable":true,"href":"https:\/\/www.arquidiocesismty.org\/arquimty\/wp-json\/wp\/v2\/categories?post=14661"},{"taxonomy":"post_tag","embeddable":true,"href":"https:\/\/www.arquidiocesismty.org\/arquimty\/wp-json\/wp\/v2\/tags?post=14661"}],"curies":[{"name":"wp","href":"https:\/\/api.w.org\/{rel}","templated":true}]}}