{"id":14648,"date":"2021-09-07T04:50:11","date_gmt":"2021-09-07T04:50:11","guid":{"rendered":"https:\/\/www.arquidiocesismty.org\/arquimty\/?p=14648"},"modified":"2021-09-07T19:31:06","modified_gmt":"2021-09-08T00:31:06","slug":"obispos-de-mexico-inician-semana-de-formacion-permanente","status":"publish","type":"post","link":"https:\/\/www.arquidiocesismty.org\/arquimty\/obispos-de-mexico-inician-semana-de-formacion-permanente\/","title":{"rendered":"OBISPOS DE M\u00c9XICO INICIAN SEMANA DE FORMACI\u00d3N PERMANENTE"},"content":{"rendered":"<p><em>Monterrey, N.L. (www.pastoralsiglo21.org).- 6 de septiembre del 2021<\/em><\/p>\n<p><strong>Los Obispos de M\u00e9xico han iniciado la tradicional semana de formaci\u00f3n permanente, que se lleva a cabo cada a\u00f1o en una casa de retiro en la Arquidi\u00f3cesis de Monterrey. Este a\u00f1o se contar\u00e1 con la presencia de unos cuantos obispos y otro grupo de obispos conectados en l\u00ednea.<\/strong><\/p>\n<p>La Santa Misa de inicio, fue presidida por el Presidente de la Conferencia del Episcopado Mexicano Mons. Rogelio Cabrera L\u00f3pez, quien invit\u00f3 a todos los mexicanos a vivir especialmente en este mes patrio con mucha esperanza.<\/p>\n<p>\u201cEn este tiempo tan delicado de nuestra historia, tiempo de pandemia, tiempo de crisis econ\u00f3mica, tiempo lamentablemente de violencia; pero en medio de todo esto, hoy queremos mirar con esperanza y con alegr\u00eda el presente y el futuro de nuestro pa\u00eds y de nuestra Iglesia\u201d.<\/p>\n<p>Monse\u00f1or Rogelio Cabrera, comparti\u00f3 adem\u00e1s la tem\u00e1tica en la cual estar\u00e1n reflexionando los obispos mexicanos.<\/p>\n<p><strong>\u201cEn esta semana los obispos de M\u00e9xico estamos reflexionando sobre una de las dimensiones m\u00e1s importantes de la vida de la Iglesia, se le llama: sinodalidad, es decir el deber de caminar juntos, caminar juntos con ustedes hermanos fieles laicos, de caminar con ustedes los consagrados y caminar con nuestros hermanos sacerdotes\u201d.<\/strong><\/p>\n<p>\u201cEs vivir este esp\u00edritu eclesial, esta llamada de Dios a estar unidos en el amor, para caminar al encuentro del Se\u00f1or\u201d.<br \/>\n\u201cSomos una iglesia peregrina, una iglesia que camina en una gran procesi\u00f3n fraterna, ir a nuestro objetivo \u00faltimo, que es el encuentro con el mismo Se\u00f1or Jesucristo\u201d.<\/p>\n<p>#IglesiaDeM\u00e9xico<br \/>\n#Sinodalidad<\/p>\n","protected":false},"excerpt":{"rendered":"<p>Monterrey, N.L. (www.pastoralsiglo21.org).- 6 de septiembre del 2021 Los Obispos de M\u00e9xico han iniciado la tradicional semana de formaci\u00f3n permanente, que se lleva a cabo cada<span class=\"excerpt-hellip\"> [\u2026]<\/span><\/p>\n","protected":false},"author":1,"featured_media":14650,"comment_status":"closed","ping_status":"closed","sticky":false,"template":"","format":"standard","meta":[],"categories":[110,14],"tags":[],"_links":{"self":[{"href":"https:\/\/www.arquidiocesismty.org\/arquimty\/wp-json\/wp\/v2\/posts\/14648"}],"collection":[{"href":"https:\/\/www.arquidiocesismty.org\/arquimty\/wp-json\/wp\/v2\/posts"}],"about":[{"href":"https:\/\/www.arquidiocesismty.org\/arquimty\/wp-json\/wp\/v2\/types\/post"}],"author":[{"embeddable":true,"href":"https:\/\/www.arquidiocesismty.org\/arquimty\/wp-json\/wp\/v2\/users\/1"}],"replies":[{"embeddable":true,"href":"https:\/\/www.arquidiocesismty.org\/arquimty\/wp-json\/wp\/v2\/comments?post=14648"}],"version-history":[{"count":1,"href":"https:\/\/www.arquidiocesismty.org\/arquimty\/wp-json\/wp\/v2\/posts\/14648\/revisions"}],"predecessor-version":[{"id":14649,"href":"https:\/\/www.arquidiocesismty.org\/arquimty\/wp-json\/wp\/v2\/posts\/14648\/revisions\/14649"}],"wp:featuredmedia":[{"embeddable":true,"href":"https:\/\/www.arquidiocesismty.org\/arquimty\/wp-json\/wp\/v2\/media\/14650"}],"wp:attachment":[{"href":"https:\/\/www.arquidiocesismty.org\/arquimty\/wp-json\/wp\/v2\/media?parent=14648"}],"wp:term":[{"taxonomy":"category","embeddable":true,"href":"https:\/\/www.arquidiocesismty.org\/arquimty\/wp-json\/wp\/v2\/categories?post=14648"},{"taxonomy":"post_tag","embeddable":true,"href":"https:\/\/www.arquidiocesismty.org\/arquimty\/wp-json\/wp\/v2\/tags?post=14648"}],"curies":[{"name":"wp","href":"https:\/\/api.w.org\/{rel}","templated":true}]}}