{"id":14645,"date":"2021-09-07T00:15:32","date_gmt":"2021-09-07T00:15:32","guid":{"rendered":"https:\/\/www.arquidiocesismty.org\/arquimty\/?p=14645"},"modified":"2021-09-07T19:29:32","modified_gmt":"2021-09-08T00:29:32","slug":"obispos-de-mexico-se-manifiestan-a-favor-de-la-vida","status":"publish","type":"post","link":"https:\/\/www.arquidiocesismty.org\/arquimty\/obispos-de-mexico-se-manifiestan-a-favor-de-la-vida\/","title":{"rendered":"OBISPOS DE M\u00c9XICO SE MANIFIESTAN A FAVOR DE LA VIDA"},"content":{"rendered":"<p><em>Monterrey, N.L. (www.pastoralsiglo21.org).- 6 de septiembre del 2021<\/em><\/p>\n<p><strong>La Conferencia del Episcopado Mexicanos a trav\u00e9s de, Mons. Jes\u00fas Herrera Qui\u00f1ones, responsable de Dimensi\u00f3n Episcopal de Vida, pidi\u00f3 a la Suprema Corte de Justicia de la Naci\u00f3n (SCJN) reconocer la dignidad del ser humano en todas las etapas de su vida, previo al debate de proyectos de sentencia que buscan abrir las puertas al aborto en todo el pa\u00eds.<\/strong><\/p>\n<p>En el comunicado con fecha del 5 de septiembre Mons. Herrera se\u00f1ala:<\/p>\n<p><strong>\u201cDesde la dimensi\u00f3n vida de la Conferencia del Episcopado Mexicano, y en comuni\u00f3n con los dem\u00e1s obispos de M\u00e9xico, con humildad y claridad en este momento de dificultad, zozobra, ambig\u00fcedad e incertidumbre nacional en relaci\u00f3n a la cultura de la vida, queremos recordar que el ser humano, hijo de un padre y una madre, cuya vida inicia en el momento de la concepci\u00f3n, debe ser reconocido en su dignidad en todas las etapas de su vida, y merece la misma protecci\u00f3n de la ley ante acciones que pudieran atentar contra su integridad\u201d, expres\u00f3.<\/strong><\/p>\n<p>Se prev\u00e9 que el lunes 6 de septiembre de 2021 los ministros de la SCJN empiecen a tratar dos acciones de inconstitucionalidad relacionadas con el C\u00f3digo Penal de Coahuila y con la Constituci\u00f3n de Sinaloa.<\/p>\n<p>Adem\u00e1s, en el comunicado el Obispo de Nuevo Casas Grandes Chihuahua), dijo que el \u201crelativismo moral y \u00e9tico abre las puertas a graves atentados contra la vida y la dignidad humana\u201d, y record\u00f3 que esa dignidad y \u201clos derechos fundamentales no son una cuesti\u00f3n de votaci\u00f3n, sino de reconocimiento y respeto\u201d.<\/p>\n<p>Finalmente, invit\u00f3: \u201cReiteramos nuestra confianza en que sea reconocido el derecho fundamental a la objeci\u00f3n de conciencia del personal de salud para no verse obligado a participar en un acto que atente contra sus convicciones personal\u00edsimas o contra su fe\u201d.<\/p>\n","protected":false},"excerpt":{"rendered":"<p>Monterrey, N.L. (www.pastoralsiglo21.org).- 6 de septiembre del 2021 La Conferencia del Episcopado Mexicanos a trav\u00e9s de, Mons. Jes\u00fas Herrera Qui\u00f1ones, responsable de Dimensi\u00f3n Episcopal de Vida,<span class=\"excerpt-hellip\"> [\u2026]<\/span><\/p>\n","protected":false},"author":1,"featured_media":14647,"comment_status":"closed","ping_status":"closed","sticky":false,"template":"","format":"standard","meta":[],"categories":[110,14],"tags":[],"_links":{"self":[{"href":"https:\/\/www.arquidiocesismty.org\/arquimty\/wp-json\/wp\/v2\/posts\/14645"}],"collection":[{"href":"https:\/\/www.arquidiocesismty.org\/arquimty\/wp-json\/wp\/v2\/posts"}],"about":[{"href":"https:\/\/www.arquidiocesismty.org\/arquimty\/wp-json\/wp\/v2\/types\/post"}],"author":[{"embeddable":true,"href":"https:\/\/www.arquidiocesismty.org\/arquimty\/wp-json\/wp\/v2\/users\/1"}],"replies":[{"embeddable":true,"href":"https:\/\/www.arquidiocesismty.org\/arquimty\/wp-json\/wp\/v2\/comments?post=14645"}],"version-history":[{"count":1,"href":"https:\/\/www.arquidiocesismty.org\/arquimty\/wp-json\/wp\/v2\/posts\/14645\/revisions"}],"predecessor-version":[{"id":14646,"href":"https:\/\/www.arquidiocesismty.org\/arquimty\/wp-json\/wp\/v2\/posts\/14645\/revisions\/14646"}],"wp:featuredmedia":[{"embeddable":true,"href":"https:\/\/www.arquidiocesismty.org\/arquimty\/wp-json\/wp\/v2\/media\/14647"}],"wp:attachment":[{"href":"https:\/\/www.arquidiocesismty.org\/arquimty\/wp-json\/wp\/v2\/media?parent=14645"}],"wp:term":[{"taxonomy":"category","embeddable":true,"href":"https:\/\/www.arquidiocesismty.org\/arquimty\/wp-json\/wp\/v2\/categories?post=14645"},{"taxonomy":"post_tag","embeddable":true,"href":"https:\/\/www.arquidiocesismty.org\/arquimty\/wp-json\/wp\/v2\/tags?post=14645"}],"curies":[{"name":"wp","href":"https:\/\/api.w.org\/{rel}","templated":true}]}}