{"id":14642,"date":"2021-09-06T23:08:16","date_gmt":"2021-09-06T23:08:16","guid":{"rendered":"https:\/\/www.arquidiocesismty.org\/arquimty\/?p=14642"},"modified":"2021-09-07T19:35:13","modified_gmt":"2021-09-08T00:35:13","slug":"mexico-tiene-que-ser-ejemplo-del-trato-honesto-y-adecuado-a-los-migrantes","status":"publish","type":"post","link":"https:\/\/www.arquidiocesismty.org\/arquimty\/mexico-tiene-que-ser-ejemplo-del-trato-honesto-y-adecuado-a-los-migrantes\/","title":{"rendered":"\u201cM\u00c9XICO TIENE QUE SER EJEMPLO DEL TRATO HONESTO Y ADECUADO A LOS MIGRANTES\u201d"},"content":{"rendered":"<p><em>Monterrey, N.L. (www.pastoralsiglo21.org).- 7 de septiembre del 2021<\/em><\/p>\n<p>Tras las agresiones a migrantes que se registraron recientemente en la frontera sur de M\u00e9xico por parte de integrantes de agentes del Instituto Nacional de Migraci\u00f3n y de la Guardia Nacional, el Arzobispo de Monterrey, y Presidente de la Conferencia del Episcopado Mexicanos, Mons. Rogelio Cabrera, realiz\u00f3 un llamado a solidarizarse y brindar ayuda a los hermanos migrantes.<\/p>\n<p>\u201cLa situaci\u00f3n de los migrantes en el sur de M\u00e9xico, en la frontera con Guatemala, en la di\u00f3cesis de Tapachula, es un momento dif\u00edcil y emergente, ha habido abusos de autoridad\u201d.<\/p>\n<p>\u201cA Monse\u00f1or Jaime Calderon Obispo de Tapachula, a todos los fieles y sacerdotes que en medio de esta crisis humanitaria han sabido responder con atenci\u00f3n a las dificultades de este momento\u201d.<\/p>\n<p>\u201cLa Iglesia Cat\u00f3lica en M\u00e9xico, invita a todos a sumarse a la ayuda en esta situaci\u00f3n tan compleja\u201d.<\/p>\n<p>\u201cEspecialmente Caritas de Monterrey tendr\u00e1 que hacer la parte que les toca , nuestra Arquidi\u00f3cesis tambi\u00e9n ayudar\u00e1 un poco en el tema de los medicamentos\u201d.<\/p>\n<p>\u201cHace falta tender la mano y sobre todo pedir a quien le compete, el que todas las personas sean respetadas en sus derechos personales y sus derechos humanos\u201d.<\/p>\n<p>\u201cM\u00e9xico tiene que ser ejemplo del trato honesto y adecuado de los migrantes\u201d.<\/p>\n","protected":false},"excerpt":{"rendered":"<p>Monterrey, N.L. (www.pastoralsiglo21.org).- 7 de septiembre del 2021 Tras las agresiones a migrantes que se registraron recientemente en la frontera sur de M\u00e9xico por parte de<span class=\"excerpt-hellip\"> [\u2026]<\/span><\/p>\n","protected":false},"author":1,"featured_media":14644,"comment_status":"closed","ping_status":"closed","sticky":false,"template":"","format":"standard","meta":[],"categories":[110,14],"tags":[],"_links":{"self":[{"href":"https:\/\/www.arquidiocesismty.org\/arquimty\/wp-json\/wp\/v2\/posts\/14642"}],"collection":[{"href":"https:\/\/www.arquidiocesismty.org\/arquimty\/wp-json\/wp\/v2\/posts"}],"about":[{"href":"https:\/\/www.arquidiocesismty.org\/arquimty\/wp-json\/wp\/v2\/types\/post"}],"author":[{"embeddable":true,"href":"https:\/\/www.arquidiocesismty.org\/arquimty\/wp-json\/wp\/v2\/users\/1"}],"replies":[{"embeddable":true,"href":"https:\/\/www.arquidiocesismty.org\/arquimty\/wp-json\/wp\/v2\/comments?post=14642"}],"version-history":[{"count":1,"href":"https:\/\/www.arquidiocesismty.org\/arquimty\/wp-json\/wp\/v2\/posts\/14642\/revisions"}],"predecessor-version":[{"id":14643,"href":"https:\/\/www.arquidiocesismty.org\/arquimty\/wp-json\/wp\/v2\/posts\/14642\/revisions\/14643"}],"wp:featuredmedia":[{"embeddable":true,"href":"https:\/\/www.arquidiocesismty.org\/arquimty\/wp-json\/wp\/v2\/media\/14644"}],"wp:attachment":[{"href":"https:\/\/www.arquidiocesismty.org\/arquimty\/wp-json\/wp\/v2\/media?parent=14642"}],"wp:term":[{"taxonomy":"category","embeddable":true,"href":"https:\/\/www.arquidiocesismty.org\/arquimty\/wp-json\/wp\/v2\/categories?post=14642"},{"taxonomy":"post_tag","embeddable":true,"href":"https:\/\/www.arquidiocesismty.org\/arquimty\/wp-json\/wp\/v2\/tags?post=14642"}],"curies":[{"name":"wp","href":"https:\/\/api.w.org\/{rel}","templated":true}]}}