{"id":14514,"date":"2021-08-02T15:22:50","date_gmt":"2021-08-02T15:22:50","guid":{"rendered":"https:\/\/www.arquidiocesismty.org\/arquimty\/?p=14514"},"modified":"2021-08-02T10:24:52","modified_gmt":"2021-08-02T15:24:52","slug":"invita-arzobispo-a-ser-conscientes-y-solidarios-ante-creciente-ola-de-contagios","status":"publish","type":"post","link":"https:\/\/www.arquidiocesismty.org\/arquimty\/invita-arzobispo-a-ser-conscientes-y-solidarios-ante-creciente-ola-de-contagios\/","title":{"rendered":"INVITA ARZOBISPO A SER CONSCIENTES Y SOLIDARIOS ANTE CRECIENTE OLA DE CONTAGIOS"},"content":{"rendered":"<p><em>Monterrey, N.L. (www.pastoralsiglo21.org).- 2 de agosto del 2021<\/em><\/p>\n<p><strong>Durante el tradicional mensaje dominical, el Arzobispo de Monterrey Mons. Rogelio Cabrera L\u00f3pez, invit\u00f3 a ser conscientes y solidarios en tornos a los aumentos de contagios en nuestra entidad a causa del Covid-19.<\/strong><\/p>\n<p>\u201cNos hemos enterado, por medio de las noticias, que el n\u00famero de contagios est\u00e1 creciendo en la poblaci\u00f3n juvenil e infantil, algunos han hablado de la rapidez del contagio compar\u00e1ndolo con la epidemia del sarampi\u00f3n, que durante muchos a\u00f1os hizo estragos en la poblaci\u00f3n\u201d.<\/p>\n<p>\u201cOjal\u00e1 nuestras autoridades refuercen las medidas y, sobre todo, logren una mayor adquisici\u00f3n de vacunas para hacerla llegar, con mayor rapidez, a la poblaci\u00f3n que no ha recibido ni siquiera la primera dosis\u201d.<\/p>\n<p><strong>\u201cComo todo en la vida hay prioridades, y est\u00e1 es una de ellas. En las Iglesias de nuestra Arquidi\u00f3cesis, hemos reducido, como medida de precauci\u00f3n, el aforo a nuestras celebraciones lit\u00fargicas al 30%, ojal\u00e1 lo mismo se haga en otros lugares antes de que las autoridades obliguen a que se realice\u201d.<\/strong><\/p>\n<p>\u201cSeamos conscientes de la importancia de ser solidarios, orientemos a nuestro pr\u00f3jimo con el ejemplo, no solo exijamos acciones, realicemos conscientemente las tareas necesarias para detener los contagios y no tener que dar marcha atr\u00e1s a lo que, con tanto esfuerzo, se ha avanzado\u201d.<\/p>\n<p>\u201cDios no nos abandona, \u00c9l cuida de nosotros. Hagamos lo que nos corresponde y hag\u00e1moslo con caridad\u201d.<\/p>\n","protected":false},"excerpt":{"rendered":"<p>Monterrey, N.L. (www.pastoralsiglo21.org).- 2 de agosto del 2021 Durante el tradicional mensaje dominical, el Arzobispo de Monterrey Mons. Rogelio Cabrera L\u00f3pez, invit\u00f3 a ser conscientes y<span class=\"excerpt-hellip\"> [\u2026]<\/span><\/p>\n","protected":false},"author":1,"featured_media":14516,"comment_status":"closed","ping_status":"closed","sticky":false,"template":"","format":"standard","meta":[],"categories":[7],"tags":[],"_links":{"self":[{"href":"https:\/\/www.arquidiocesismty.org\/arquimty\/wp-json\/wp\/v2\/posts\/14514"}],"collection":[{"href":"https:\/\/www.arquidiocesismty.org\/arquimty\/wp-json\/wp\/v2\/posts"}],"about":[{"href":"https:\/\/www.arquidiocesismty.org\/arquimty\/wp-json\/wp\/v2\/types\/post"}],"author":[{"embeddable":true,"href":"https:\/\/www.arquidiocesismty.org\/arquimty\/wp-json\/wp\/v2\/users\/1"}],"replies":[{"embeddable":true,"href":"https:\/\/www.arquidiocesismty.org\/arquimty\/wp-json\/wp\/v2\/comments?post=14514"}],"version-history":[{"count":1,"href":"https:\/\/www.arquidiocesismty.org\/arquimty\/wp-json\/wp\/v2\/posts\/14514\/revisions"}],"predecessor-version":[{"id":14515,"href":"https:\/\/www.arquidiocesismty.org\/arquimty\/wp-json\/wp\/v2\/posts\/14514\/revisions\/14515"}],"wp:featuredmedia":[{"embeddable":true,"href":"https:\/\/www.arquidiocesismty.org\/arquimty\/wp-json\/wp\/v2\/media\/14516"}],"wp:attachment":[{"href":"https:\/\/www.arquidiocesismty.org\/arquimty\/wp-json\/wp\/v2\/media?parent=14514"}],"wp:term":[{"taxonomy":"category","embeddable":true,"href":"https:\/\/www.arquidiocesismty.org\/arquimty\/wp-json\/wp\/v2\/categories?post=14514"},{"taxonomy":"post_tag","embeddable":true,"href":"https:\/\/www.arquidiocesismty.org\/arquimty\/wp-json\/wp\/v2\/tags?post=14514"}],"curies":[{"name":"wp","href":"https:\/\/api.w.org\/{rel}","templated":true}]}}