{"id":14411,"date":"2021-07-02T18:43:08","date_gmt":"2021-07-02T23:43:08","guid":{"rendered":"https:\/\/www.arquidiocesismty.org\/arquimty\/?p=14411"},"modified":"2021-07-02T18:50:50","modified_gmt":"2021-07-02T23:50:50","slug":"todas-las-diocesis-del-mundo-invitadas-a-participar-en-el-encuentro-mundial-de-las-familias","status":"publish","type":"post","link":"https:\/\/www.arquidiocesismty.org\/arquimty\/todas-las-diocesis-del-mundo-invitadas-a-participar-en-el-encuentro-mundial-de-las-familias\/","title":{"rendered":"TODAS LAS DI\u00d3CESIS DEL MUNDO INVITADAS A PARTICIPAR EN EL ENCUENTRO MUNDIAL DE LAS FAMILIAS"},"content":{"rendered":"<p><em>Vaticano (www.pastoralsiglo21.org).- 2 de julio del 2021<\/em><\/p>\n<p><strong>Por Juan Pablo V\u00e1zquez Rodr\u00edguez<\/strong><\/p>\n<p class=\"p1\">El pr\u00f3ximo Encuentro Mundial de las Familias a celebrarse del 22 al 26 de junio de 2022, cuya sede principal ser\u00e1 Roma, podr\u00e1 celebrarse los mismos d\u00edas en cada di\u00f3cesis con un Encuentro local para sus propias familias y comunidades, as\u00ed lo se\u00f1al\u00f3 el Papa Francisco en un video mensaje.<\/p>\n<p class=\"p1\">\u201cEn la medida de sus posibilidades, invito a las comunidades diocesanas a planificar iniciativas a partir del tema del Encuentro utilizando los s\u00edmbolos que la Di\u00f3cesis de Roma est\u00e1 preparando\u201d.<\/p>\n<p class=\"p1\">\u201cLes pido que sean din\u00e1micos, activos y creativos para organizarse con las familias, en sinton\u00eda con lo que se celebrar\u00e1 en Roma\u201d, a\u00f1adi\u00f3 el Santo Padre.<\/p>\n<p class=\"p1\">\u201cEs una oportunidad maravillosa para dedicarnos con entusiasmo a la pastoral familiar: esposos, familias y pastores juntos. \u00c1nimo, pues, queridos pastores y queridas familias, ay\u00fadense mutuamente para organizar encuentros en las di\u00f3cesis y parroquias de todos los continentes.\u201d<\/p>\n<p class=\"p1\">El tema del pr\u00f3ximo Encuentro Mundial de las Familias est\u00e1 relacionado con el amor familiar como vocaci\u00f3n y camino de santidad. El evento est\u00e1 organizado por el <a href=\"http:\/\/www.laityfamilylife.va\/content\/laityfamilylife\/es.html\"><span class=\"s1\">Dicasterio para los Laicos, la Familia y la Vida<\/span><\/a> y la di\u00f3cesis de Roma, y tendr\u00e1 lugar en el sexto aniversario de Amoris Laetitia y cuatro a\u00f1os despu\u00e9s de Gaudete et Exsultate.<\/p>\n<p class=\"p1\">El objetivo del encuentro es releer Amoris Laetitia a la luz de la llamada a la santidad de Gaudete et exsultate, partiendo de la conciencia de que el amor conyugal y familiar revela el precioso don de la convivencia.<\/p>\n","protected":false},"excerpt":{"rendered":"<p>Vaticano (www.pastoralsiglo21.org).- 2 de julio del 2021 Por Juan Pablo V\u00e1zquez Rodr\u00edguez El pr\u00f3ximo Encuentro Mundial de las Familias a celebrarse del 22 al 26 de<span class=\"excerpt-hellip\"> [\u2026]<\/span><\/p>\n","protected":false},"author":10,"featured_media":14050,"comment_status":"closed","ping_status":"closed","sticky":false,"template":"","format":"standard","meta":[],"categories":[14],"tags":[74],"_links":{"self":[{"href":"https:\/\/www.arquidiocesismty.org\/arquimty\/wp-json\/wp\/v2\/posts\/14411"}],"collection":[{"href":"https:\/\/www.arquidiocesismty.org\/arquimty\/wp-json\/wp\/v2\/posts"}],"about":[{"href":"https:\/\/www.arquidiocesismty.org\/arquimty\/wp-json\/wp\/v2\/types\/post"}],"author":[{"embeddable":true,"href":"https:\/\/www.arquidiocesismty.org\/arquimty\/wp-json\/wp\/v2\/users\/10"}],"replies":[{"embeddable":true,"href":"https:\/\/www.arquidiocesismty.org\/arquimty\/wp-json\/wp\/v2\/comments?post=14411"}],"version-history":[{"count":2,"href":"https:\/\/www.arquidiocesismty.org\/arquimty\/wp-json\/wp\/v2\/posts\/14411\/revisions"}],"predecessor-version":[{"id":14414,"href":"https:\/\/www.arquidiocesismty.org\/arquimty\/wp-json\/wp\/v2\/posts\/14411\/revisions\/14414"}],"wp:featuredmedia":[{"embeddable":true,"href":"https:\/\/www.arquidiocesismty.org\/arquimty\/wp-json\/wp\/v2\/media\/14050"}],"wp:attachment":[{"href":"https:\/\/www.arquidiocesismty.org\/arquimty\/wp-json\/wp\/v2\/media?parent=14411"}],"wp:term":[{"taxonomy":"category","embeddable":true,"href":"https:\/\/www.arquidiocesismty.org\/arquimty\/wp-json\/wp\/v2\/categories?post=14411"},{"taxonomy":"post_tag","embeddable":true,"href":"https:\/\/www.arquidiocesismty.org\/arquimty\/wp-json\/wp\/v2\/tags?post=14411"}],"curies":[{"name":"wp","href":"https:\/\/api.w.org\/{rel}","templated":true}]}}