{"id":14321,"date":"2021-06-18T01:29:51","date_gmt":"2021-06-18T01:29:51","guid":{"rendered":"https:\/\/www.arquidiocesismty.org\/arquimty\/?p=14321"},"modified":"2021-06-17T20:35:05","modified_gmt":"2021-06-18T01:35:05","slug":"mons-cabrera-y-mons-miranda-reciben-a-secretario-de-estado-de-la-santa-sede","status":"publish","type":"post","link":"https:\/\/www.arquidiocesismty.org\/arquimty\/mons-cabrera-y-mons-miranda-reciben-a-secretario-de-estado-de-la-santa-sede\/","title":{"rendered":"MONS. CABRERA Y MONS. MIRANDA RECIBEN A SECRETARIO DE ESTADO DE LA SANTA SEDE"},"content":{"rendered":"<p><strong>Por Juan Pablo V\u00e1zquez Rodr\u00edguez<\/strong><\/p>\n<h4>EL SECRETARIO DE ESTADO DE LA SANTA SEDE VISITA M\u00c9XICO<\/h4>\n<p class=\"p1\">El Cardenal Pietro Parolin, Secretario de Estado de la Santa Sede, ha llegado a nuestro pa\u00eds y estar\u00e1 en M\u00e9xico del 17 al 21 de junio, con el objetivo de celebrar la ordenaci\u00f3n episcopal del sacerdote yucateco, Mons. Ferm\u00edn Sosa Rodr\u00edguez, quien ha sido nombrado por el Papa Francisco como nuncio apost\u00f3lico en Pap\u00faa Nueva Guinea, Ocean\u00eda.<\/p>\n<p class=\"p1\">Hoy fue recibido por Mons. Rogelio Cabrera L\u00f3pez, Arzobispo de Monterrey y Presidente de la Conferencia del Episcopado Mexicano y por Mons. Alfonso Miranda Guardiola, Obispo Auxiliar de Monterrey y Secretario General de la CEM.<\/p>\n<p class=\"p1\">En el encuentro le fue obsequiado al Se\u00f1or Cardenal la obra literaria \u201cQuadripartita Terrarum Orbe: 500 a\u00f1os de evangelizaci\u00f3n\u201d, que re\u00fane los trabajos de 25 destacados religiosos y acad\u00e9micos que, desde diferentes perspectivas de an\u00e1lisis, reflexionan en torno a la evangelizaci\u00f3n en el territorio mexicano.<\/p>\n<p class=\"p1\">El s\u00e1bado, el Secretario de Estado Vaticano a las 12:00 horas, celebrar\u00e1 la misa a los pies de la Virgen de Guadalupe, en el santuario del Tepeyac.<\/p>\n<p class=\"p1\">El cardenal Pietro Parolin, entre sus actividades se encuentra un desayuno con el presidente Andr\u00e9s Manuel L\u00f3pez Obrador, el lunes 21 a las 9:00 horas, en Palacio Nacional.<\/p>\n<p class=\"p1\">Por la tarde-noche del mismo lunes 21 de junio, el cardenal estar\u00eda regresando a Roma.<\/p>\n","protected":false},"excerpt":{"rendered":"<p>Por Juan Pablo V\u00e1zquez Rodr\u00edguez EL SECRETARIO DE ESTADO DE LA SANTA SEDE VISITA M\u00c9XICO El Cardenal Pietro Parolin, Secretario de Estado de la Santa Sede,<span class=\"excerpt-hellip\"> [\u2026]<\/span><\/p>\n","protected":false},"author":1,"featured_media":14324,"comment_status":"closed","ping_status":"closed","sticky":false,"template":"","format":"standard","meta":[],"categories":[14],"tags":[],"_links":{"self":[{"href":"https:\/\/www.arquidiocesismty.org\/arquimty\/wp-json\/wp\/v2\/posts\/14321"}],"collection":[{"href":"https:\/\/www.arquidiocesismty.org\/arquimty\/wp-json\/wp\/v2\/posts"}],"about":[{"href":"https:\/\/www.arquidiocesismty.org\/arquimty\/wp-json\/wp\/v2\/types\/post"}],"author":[{"embeddable":true,"href":"https:\/\/www.arquidiocesismty.org\/arquimty\/wp-json\/wp\/v2\/users\/1"}],"replies":[{"embeddable":true,"href":"https:\/\/www.arquidiocesismty.org\/arquimty\/wp-json\/wp\/v2\/comments?post=14321"}],"version-history":[{"count":1,"href":"https:\/\/www.arquidiocesismty.org\/arquimty\/wp-json\/wp\/v2\/posts\/14321\/revisions"}],"predecessor-version":[{"id":14322,"href":"https:\/\/www.arquidiocesismty.org\/arquimty\/wp-json\/wp\/v2\/posts\/14321\/revisions\/14322"}],"wp:featuredmedia":[{"embeddable":true,"href":"https:\/\/www.arquidiocesismty.org\/arquimty\/wp-json\/wp\/v2\/media\/14324"}],"wp:attachment":[{"href":"https:\/\/www.arquidiocesismty.org\/arquimty\/wp-json\/wp\/v2\/media?parent=14321"}],"wp:term":[{"taxonomy":"category","embeddable":true,"href":"https:\/\/www.arquidiocesismty.org\/arquimty\/wp-json\/wp\/v2\/categories?post=14321"},{"taxonomy":"post_tag","embeddable":true,"href":"https:\/\/www.arquidiocesismty.org\/arquimty\/wp-json\/wp\/v2\/tags?post=14321"}],"curies":[{"name":"wp","href":"https:\/\/api.w.org\/{rel}","templated":true}]}}