{"id":14272,"date":"2021-06-10T19:46:23","date_gmt":"2021-06-10T19:46:23","guid":{"rendered":"https:\/\/www.arquidiocesismty.org\/arquimty\/?p=14272"},"modified":"2021-06-10T14:56:22","modified_gmt":"2021-06-10T19:56:22","slug":"monsenor-rogelio-cabrera-celebra-bodas-de-plata-episcopales-en-tacambaro-michoacan","status":"publish","type":"post","link":"https:\/\/www.arquidiocesismty.org\/arquimty\/monsenor-rogelio-cabrera-celebra-bodas-de-plata-episcopales-en-tacambaro-michoacan\/","title":{"rendered":"MONSE\u00d1OR ROGELIO CABRERA CELEBRA BODAS DE PLATA EPISCOPALES EN TAC\u00c1MBARO, MICHOAC\u00c1N"},"content":{"rendered":"<p><strong>Monterrey, N.L. (www.pastoralsiglo21.org).- 09 de junio del 2021<\/strong><\/p>\n<p><strong>La tarde del 9 de junio, se llev\u00f3 a cabo una misa en acci\u00f3n de gracias por las bodas de plata episcopales de Mons. Rogelio Cabrera L\u00f3pez, en la Catedral de Tac\u00e1mbaro Michoac\u00e1n, su primera di\u00f3cesis como Obispo.<\/strong><\/p>\n<p>\u201cVolver a los or\u00edgenes siempre ser\u00e1 reconfortante y los sentimientos y emociones despertar\u00e1n recuerdos que har\u00e1n elevar una oraci\u00f3n de agradecimiento a nuestro Padre Dios por lo que nos concedi\u00f3 a trav\u00e9s de su persona\u201d<\/p>\n<p>Recordemos que el 30 de mayo de 1996, en la solemnidad de Cristo, sumo y eterno sacerdote, Don Rogelio Cabrera fue consagrado obispo en la di\u00f3cesis de Tac\u00e1mbaro, en d\u00f3nde le dieron una c\u00e1lida bienvenida:<\/p>\n<p>\u201cFueron poco m\u00e1s de 5 a\u00f1os como pastor y gu\u00eda en esta iglesia particular, pero su testimonio perdura en la historia de nuestra di\u00f3cesis, y en el aprecio de quienes lo recordamos con afecto y cari\u00f1o\u201d.<\/p>\n<p>El Arzobispo de Monterrey presidido esta santa eucarist\u00eda y ofreci\u00f3 un mensaje de agradecimiento al pueblo, a las hermanas religiosas y a sus hermanos sacerdotes y desde luego, a los obispos de Tac\u00e1mbaro.<\/p>\n<p>\u201cLo primero que tengo que decirles es \u00a1muchas gracias!\u201d<\/p>\n<blockquote><p><strong>\u201cPor eso me da gusto celebrar con ustedes, sobre todo para decirles gracias. Yo no merezco ninguna celebraci\u00f3n especial pero Cristo si la merece y hacia \u00e9l quiero que volteemos a ver\u201d.<\/strong><\/p><\/blockquote>\n<p>\u201cMe preguntaron cu\u00e1l fue mi sentimiento m\u00e1s fuerte cuando llegu\u00e9 a Tac\u00e1mbaro, y les dije, ten\u00eda mucho miedo, no miedo a ustedes, sino miedo a esta tarea y a esta responsabilidad; pero con los a\u00f1os he comprendido que el miedo se supera, primero dej\u00e1ndose a ayudar y segundo, le ayuda mucho el cari\u00f1o de las personas, sentirse uno estimado, querido, solo as\u00ed se superan los temores\u201d<\/p>\n<p>Al respecto del a\u00f1o jubilar, rumbo al centenario del Seminario de San Jos\u00e9 en Tac\u00e1mbaro, Monse\u00f1or Rogelio comparti\u00f3 sobre las vocaciones:<\/p>\n<p>\u201cTres condiciones para que haya vocaciones, la primera, la oraci\u00f3n del pueblo; quiero pedirles que intensifiquen la oraci\u00f3n por las vocaciones, al sacerdocio, a la vida religiosa y al matrimonio.<\/p>\n<p>En segundo lugar, que todos hagamos lo mejor que podamos en dar un buen ejemplo, la ejemplaridad es tambi\u00e9n motivo de vocaciones.<\/p>\n<p>Y en tercer lugar hay que promover y hay que animar, y sobre todo quiero pedirle a los p\u00e1rrocos que sean los primeros promotores vocacionales, sino intervienen ustedes en las parroquias\u201d.<\/p>\n<p>Antes de finalizar la misa, Mons. Gerardo D\u00edaz, Obispo de Tac\u00e1mbaro expres\u00f3 un breve mensaje para Monse\u00f1or Rogelio:<\/p>\n<p>\u201cMe da mucho gusto que est\u00e9 aqu\u00ed, que se haya tomado este tiempo; s\u00ed esta Di\u00f3cesis es de muchos aprendizajes pero tambi\u00e9n de mucha satisfacci\u00f3n\u201d<\/p>\n<p>\u201cQue la presencia del esp\u00edritu lo gu\u00ede para que nos siga orientado con su ejemplo, con su palabra, Dios le dio ese don, un don grande, pues que nos siga guiando en nuestra Iglesia, en M\u00e9xico y en las otras encomiendas que usted tiene \u00a1felicidades!\u201d.<\/p>\n","protected":false},"excerpt":{"rendered":"<p>Monterrey, N.L. (www.pastoralsiglo21.org).- 09 de junio del 2021 La tarde del 9 de junio, se llev\u00f3 a cabo una misa en acci\u00f3n de gracias por las<span class=\"excerpt-hellip\"> [\u2026]<\/span><\/p>\n","protected":false},"author":1,"featured_media":14274,"comment_status":"closed","ping_status":"closed","sticky":false,"template":"","format":"standard","meta":[],"categories":[16,110,14],"tags":[],"_links":{"self":[{"href":"https:\/\/www.arquidiocesismty.org\/arquimty\/wp-json\/wp\/v2\/posts\/14272"}],"collection":[{"href":"https:\/\/www.arquidiocesismty.org\/arquimty\/wp-json\/wp\/v2\/posts"}],"about":[{"href":"https:\/\/www.arquidiocesismty.org\/arquimty\/wp-json\/wp\/v2\/types\/post"}],"author":[{"embeddable":true,"href":"https:\/\/www.arquidiocesismty.org\/arquimty\/wp-json\/wp\/v2\/users\/1"}],"replies":[{"embeddable":true,"href":"https:\/\/www.arquidiocesismty.org\/arquimty\/wp-json\/wp\/v2\/comments?post=14272"}],"version-history":[{"count":2,"href":"https:\/\/www.arquidiocesismty.org\/arquimty\/wp-json\/wp\/v2\/posts\/14272\/revisions"}],"predecessor-version":[{"id":14276,"href":"https:\/\/www.arquidiocesismty.org\/arquimty\/wp-json\/wp\/v2\/posts\/14272\/revisions\/14276"}],"wp:featuredmedia":[{"embeddable":true,"href":"https:\/\/www.arquidiocesismty.org\/arquimty\/wp-json\/wp\/v2\/media\/14274"}],"wp:attachment":[{"href":"https:\/\/www.arquidiocesismty.org\/arquimty\/wp-json\/wp\/v2\/media?parent=14272"}],"wp:term":[{"taxonomy":"category","embeddable":true,"href":"https:\/\/www.arquidiocesismty.org\/arquimty\/wp-json\/wp\/v2\/categories?post=14272"},{"taxonomy":"post_tag","embeddable":true,"href":"https:\/\/www.arquidiocesismty.org\/arquimty\/wp-json\/wp\/v2\/tags?post=14272"}],"curies":[{"name":"wp","href":"https:\/\/api.w.org\/{rel}","templated":true}]}}