{"id":14190,"date":"2021-04-15T17:23:37","date_gmt":"2021-04-15T22:23:37","guid":{"rendered":"https:\/\/www.arquidiocesismty.org\/arquimty\/?p=14190"},"modified":"2021-04-15T17:23:37","modified_gmt":"2021-04-15T22:23:37","slug":"pastoral-universitaria-invita-a-red-de-catedraticos-universitarios-catolicos","status":"publish","type":"post","link":"https:\/\/www.arquidiocesismty.org\/arquimty\/pastoral-universitaria-invita-a-red-de-catedraticos-universitarios-catolicos\/","title":{"rendered":"PASTORAL UNIVERSITARIA INVITA A RED DE CATEDR\u00c1TICOS UNIVERSITARIOS CAT\u00d3LICOS"},"content":{"rendered":"<p><strong>Por Juan Pablo Rodr\u00edguez V\u00e1zquez<\/strong><br \/>\n<strong>Monterrey, N.L. (www.pastoralsiglo21.org).- 13 de abril del 2021<\/strong><\/p>\n<p>La Pastoral Universitaria Monterrey ha lanzado una convocatoria para formar la RED CAT\u00d3LICA DE CATEDR\u00c1TICOS UNIVERSITARIOS de Monterrey y su \u00e1rea metropolitana, con la finalidad de ofrecerles temas, retiros, Misas y caminar juntos en la fe.<\/p>\n<p>Los sacerdotes que forman parte de este equipo han realizado este llamado:<\/p>\n<p>Pbro. Alejandro Beltr\u00e1n, Coordinador Pastoral Universitaria.<br \/>\nPbro. Reynaldo D\u00edaz, Colaborador.<br \/>\nPbro. Gerardo Ramos, Colaborador.<\/p>\n<p>Para registrarse a esta red, ingresar a la siguiente liga.<\/p>\n<p>Liga de alta: https:\/\/forms.gle\/bGddN2DDugh8rqzv7<\/p>\n<p>#IglesiaDeMonterrey<br \/>\n#PastoralUniversitaria<\/p>\n","protected":false},"excerpt":{"rendered":"<p>Por Juan Pablo Rodr\u00edguez V\u00e1zquez Monterrey, N.L. (www.pastoralsiglo21.org).- 13 de abril del 2021 La Pastoral Universitaria Monterrey ha lanzado una convocatoria para formar la RED CAT\u00d3LICA<span class=\"excerpt-hellip\"> [\u2026]<\/span><\/p>\n","protected":false},"author":10,"featured_media":14185,"comment_status":"closed","ping_status":"closed","sticky":false,"template":"","format":"standard","meta":[],"categories":[7,14],"tags":[],"_links":{"self":[{"href":"https:\/\/www.arquidiocesismty.org\/arquimty\/wp-json\/wp\/v2\/posts\/14190"}],"collection":[{"href":"https:\/\/www.arquidiocesismty.org\/arquimty\/wp-json\/wp\/v2\/posts"}],"about":[{"href":"https:\/\/www.arquidiocesismty.org\/arquimty\/wp-json\/wp\/v2\/types\/post"}],"author":[{"embeddable":true,"href":"https:\/\/www.arquidiocesismty.org\/arquimty\/wp-json\/wp\/v2\/users\/10"}],"replies":[{"embeddable":true,"href":"https:\/\/www.arquidiocesismty.org\/arquimty\/wp-json\/wp\/v2\/comments?post=14190"}],"version-history":[{"count":1,"href":"https:\/\/www.arquidiocesismty.org\/arquimty\/wp-json\/wp\/v2\/posts\/14190\/revisions"}],"predecessor-version":[{"id":14191,"href":"https:\/\/www.arquidiocesismty.org\/arquimty\/wp-json\/wp\/v2\/posts\/14190\/revisions\/14191"}],"wp:featuredmedia":[{"embeddable":true,"href":"https:\/\/www.arquidiocesismty.org\/arquimty\/wp-json\/wp\/v2\/media\/14185"}],"wp:attachment":[{"href":"https:\/\/www.arquidiocesismty.org\/arquimty\/wp-json\/wp\/v2\/media?parent=14190"}],"wp:term":[{"taxonomy":"category","embeddable":true,"href":"https:\/\/www.arquidiocesismty.org\/arquimty\/wp-json\/wp\/v2\/categories?post=14190"},{"taxonomy":"post_tag","embeddable":true,"href":"https:\/\/www.arquidiocesismty.org\/arquimty\/wp-json\/wp\/v2\/tags?post=14190"}],"curies":[{"name":"wp","href":"https:\/\/api.w.org\/{rel}","templated":true}]}}