{"id":1383,"date":"2017-06-11T13:47:16","date_gmt":"2017-06-11T18:47:16","guid":{"rendered":"https:\/\/www.arquidiocesismty.org\/arquimty\/?p=1383"},"modified":"2017-06-11T13:47:16","modified_gmt":"2017-06-11T18:47:16","slug":"tendran-seminaristas-mision-urbana","status":"publish","type":"post","link":"https:\/\/www.arquidiocesismty.org\/arquimty\/tendran-seminaristas-mision-urbana\/","title":{"rendered":"TENDR\u00c1N SEMINARISTAS MISI\u00d3N URBANA"},"content":{"rendered":"<p class=\"p1\"><span class=\"s1\"><b>Monterrey, N.L. <\/b>(<a href=\"http:\/\/www.pastoralsiglo21.org\"><span class=\"s2\">www.pastoralsiglo21.org<\/span><\/a>) <b>11 de junio del 2017.-<\/b> Este domingo, d\u00eda de la solemnidad de la Sant\u00edsima Trinidad, inician las misiones de verano del Seminario de Monterrey, as\u00ed lo anunci\u00f3 hoy Mons. Rogelio Cabrera L\u00f3pez, Arzobispo de Monterrey.<\/span><\/p>\n<p class=\"p1\"><span class=\"s1\">Estas misiones son parte de la formaci\u00f3n de los futuros sacerdotes, pues les ayudan a conocer la realidad de las comunidades a donde van a servir.<\/span><\/p>\n<p class=\"p1\"><span class=\"s1\">Ellos permanecer\u00e1n durante tres semanas en diferentes parroquias de los municipios de Guadalupe, Apodaca y Monterrey.<\/span><\/p>\n<p class=\"p1\"><span class=\"s1\">Gracias a este servicio, los seminaristas fortalecen su opci\u00f3n de servir al pueblo de Dios.<\/span><\/p>\n<p class=\"p1\"><span class=\"s1\">Las actividades que realizan son espirituales y de formaci\u00f3n con los integrantes de los grupos y la comunidad en general.<\/span><\/p>\n<p class=\"p1\"><span class=\"s1\">Con estas misiones, tambi\u00e9n se busca motivar a los j\u00f3venes que tengan inquietudes sacerdotales y tambi\u00e9n a promover la oraci\u00f3n por las vocaciones.<\/span><\/p>\n<p class=\"p1\"><span class=\"s1\"><b>Por Roc\u00edo D\u00edaz<\/b><\/span><\/p>\n","protected":false},"excerpt":{"rendered":"<p>Monterrey, N.L. (www.pastoralsiglo21.org) 11 de junio del 2017.- Este domingo, d\u00eda de la solemnidad de la Sant\u00edsima Trinidad, inician las misiones de verano del Seminario de<span class=\"excerpt-hellip\"> [\u2026]<\/span><\/p>\n","protected":false},"author":3,"featured_media":1384,"comment_status":"open","ping_status":"open","sticky":false,"template":"","format":"standard","meta":[],"categories":[14],"tags":[23],"_links":{"self":[{"href":"https:\/\/www.arquidiocesismty.org\/arquimty\/wp-json\/wp\/v2\/posts\/1383"}],"collection":[{"href":"https:\/\/www.arquidiocesismty.org\/arquimty\/wp-json\/wp\/v2\/posts"}],"about":[{"href":"https:\/\/www.arquidiocesismty.org\/arquimty\/wp-json\/wp\/v2\/types\/post"}],"author":[{"embeddable":true,"href":"https:\/\/www.arquidiocesismty.org\/arquimty\/wp-json\/wp\/v2\/users\/3"}],"replies":[{"embeddable":true,"href":"https:\/\/www.arquidiocesismty.org\/arquimty\/wp-json\/wp\/v2\/comments?post=1383"}],"version-history":[{"count":1,"href":"https:\/\/www.arquidiocesismty.org\/arquimty\/wp-json\/wp\/v2\/posts\/1383\/revisions"}],"predecessor-version":[{"id":1385,"href":"https:\/\/www.arquidiocesismty.org\/arquimty\/wp-json\/wp\/v2\/posts\/1383\/revisions\/1385"}],"wp:featuredmedia":[{"embeddable":true,"href":"https:\/\/www.arquidiocesismty.org\/arquimty\/wp-json\/wp\/v2\/media\/1384"}],"wp:attachment":[{"href":"https:\/\/www.arquidiocesismty.org\/arquimty\/wp-json\/wp\/v2\/media?parent=1383"}],"wp:term":[{"taxonomy":"category","embeddable":true,"href":"https:\/\/www.arquidiocesismty.org\/arquimty\/wp-json\/wp\/v2\/categories?post=1383"},{"taxonomy":"post_tag","embeddable":true,"href":"https:\/\/www.arquidiocesismty.org\/arquimty\/wp-json\/wp\/v2\/tags?post=1383"}],"curies":[{"name":"wp","href":"https:\/\/api.w.org\/{rel}","templated":true}]}}