{"id":1380,"date":"2017-06-11T13:14:33","date_gmt":"2017-06-11T18:14:33","guid":{"rendered":"https:\/\/www.arquidiocesismty.org\/arquimty\/?p=1380"},"modified":"2017-06-11T13:14:33","modified_gmt":"2017-06-11T18:14:33","slug":"haran-colecta-especial-para-pueblo-de-venezuela","status":"publish","type":"post","link":"https:\/\/www.arquidiocesismty.org\/arquimty\/haran-colecta-especial-para-pueblo-de-venezuela\/","title":{"rendered":"HAR\u00c1N COLECTA ESPECIAL PARA PUEBLO DE VENEZUELA"},"content":{"rendered":"<p class=\"p1\"><span class=\"s1\"><b>Monterrey, N. L.<\/b> (<a href=\"http:\/\/www.pastoralsiglo21.org\"><span class=\"s2\">www.pastoralsiglo21.org<\/span><\/a>) <b>11 de junio del 2017.- <\/b>Para ayudar a Venezuela en este momento emergencia extrema, los Obispos mexicanos se unir\u00e1n en solidaridad con los hermanos venezolanos.<\/span><\/p>\n<p class=\"p1\"><span class=\"s1\">Mons. Rogelio Cabrera L\u00f3pez, Arzobispo de Monterrey, pidi\u00f3 a todos los sacerdotes y fieles que el s\u00e1bado 17 y domingo 18, en todas las misas, se realice una colecta especial para apoyar al pueblo venezolano.<\/span><\/p>\n<p class=\"p1\"><span class=\"s1\">\u201cEsta ayuda se canalizar\u00e1 por medio de C\u00e1ritas M\u00e9xico, ya que es la Instituci\u00f3n de la Iglesia que con mayor precisi\u00f3n puede hacer llegar la ayuda a donde sea indispensable\u201d, inform\u00f3.<\/span><\/p>\n<p class=\"p1\"><span class=\"s1\">Para toda persona que quiera ayudar, hay una cuenta bancaria a nombre de C\u00e1ritas, en donde se pueden hacer dep\u00f3sitos para colaborar en esta iniciativa. (BBVA Bancomer, a nombre de C\u00e1ritas Mexicana I. A. P. N\u00famero de cuenta: 0123456781 Clabe interbancaria 012 180 00123456781 5.<\/span><\/p>\n<p class=\"p1\"><span class=\"s1\">\u201cEste llamado nos mueve a responder con urgencia, ya que la situaci\u00f3n que all\u00e1 se vive est\u00e1 provocando la escasez de alimentos y medicamentos, as\u00ed como problemas para acceder a los servicios b\u00e1sicos\u201d, dijo, y calific\u00f3 la situaci\u00f3n de ese pa\u00eds como de crisis humanitaria.<\/span><\/p>\n<p class=\"p1\"><span class=\"s1\">La ayuda debe ser monetaria debido a las dificultades de operatividad del gobierno de Venezuela.<\/span><\/p>\n<p class=\"p1\"><span class=\"s1\">Esta campa\u00f1a se realizar\u00e1 en todo M\u00e9xico; el 30 de junio se enviar\u00e1 la ayuda recolectada en todo el pa\u00eds. Se les informar\u00e1 por este medio lo recaudado en nuestra di\u00f3cesis. Las cuentas seguir\u00e1n abiertas permanentemente para quien guste cooperar.<\/span><\/p>\n<p class=\"p1\"><span class=\"s1\"><b>Por Roc\u00edo D\u00edaz<\/b><\/span><\/p>\n","protected":false},"excerpt":{"rendered":"<p>Monterrey, N. L. (www.pastoralsiglo21.org) 11 de junio del 2017.- Para ayudar a Venezuela en este momento emergencia extrema, los Obispos mexicanos se unir\u00e1n en solidaridad con<span class=\"excerpt-hellip\"> [\u2026]<\/span><\/p>\n","protected":false},"author":3,"featured_media":1381,"comment_status":"open","ping_status":"open","sticky":false,"template":"","format":"standard","meta":[],"categories":[14],"tags":[23],"_links":{"self":[{"href":"https:\/\/www.arquidiocesismty.org\/arquimty\/wp-json\/wp\/v2\/posts\/1380"}],"collection":[{"href":"https:\/\/www.arquidiocesismty.org\/arquimty\/wp-json\/wp\/v2\/posts"}],"about":[{"href":"https:\/\/www.arquidiocesismty.org\/arquimty\/wp-json\/wp\/v2\/types\/post"}],"author":[{"embeddable":true,"href":"https:\/\/www.arquidiocesismty.org\/arquimty\/wp-json\/wp\/v2\/users\/3"}],"replies":[{"embeddable":true,"href":"https:\/\/www.arquidiocesismty.org\/arquimty\/wp-json\/wp\/v2\/comments?post=1380"}],"version-history":[{"count":1,"href":"https:\/\/www.arquidiocesismty.org\/arquimty\/wp-json\/wp\/v2\/posts\/1380\/revisions"}],"predecessor-version":[{"id":1382,"href":"https:\/\/www.arquidiocesismty.org\/arquimty\/wp-json\/wp\/v2\/posts\/1380\/revisions\/1382"}],"wp:featuredmedia":[{"embeddable":true,"href":"https:\/\/www.arquidiocesismty.org\/arquimty\/wp-json\/wp\/v2\/media\/1381"}],"wp:attachment":[{"href":"https:\/\/www.arquidiocesismty.org\/arquimty\/wp-json\/wp\/v2\/media?parent=1380"}],"wp:term":[{"taxonomy":"category","embeddable":true,"href":"https:\/\/www.arquidiocesismty.org\/arquimty\/wp-json\/wp\/v2\/categories?post=1380"},{"taxonomy":"post_tag","embeddable":true,"href":"https:\/\/www.arquidiocesismty.org\/arquimty\/wp-json\/wp\/v2\/tags?post=1380"}],"curies":[{"name":"wp","href":"https:\/\/api.w.org\/{rel}","templated":true}]}}