{"id":13691,"date":"2021-01-10T17:40:28","date_gmt":"2021-01-10T23:40:28","guid":{"rendered":"https:\/\/www.arquidiocesismty.org\/arquimty\/?p=13691"},"modified":"2021-01-10T20:39:19","modified_gmt":"2021-01-11T02:39:19","slug":"el-senor-nos-pide-que-donde-estemos-sea-un-lugar-de-encuentro-un-lugar-de-hermanos","status":"publish","type":"post","link":"https:\/\/www.arquidiocesismty.org\/arquimty\/el-senor-nos-pide-que-donde-estemos-sea-un-lugar-de-encuentro-un-lugar-de-hermanos\/","title":{"rendered":"EL SE\u00d1OR NOS PIDE QUE DONDE ESTEMOS, SEA UN LUGAR DE ENCUENTRO, UN LUGAR DE HERMANOS"},"content":{"rendered":"<p><strong>Por Juan Pablo V\u00e1zquez Rodr\u00edguez<\/strong><br \/>\n<strong>Monterrey, N.L. (www.pastoralsiglo21.org).- 10 de enero del 2021<\/strong><\/p>\n<p>????????\u00ed? ?? ???????? ?? ?? ???????? ???????? ????????? ????<\/p>\n<p>Este domingo, en la Catedral de Monterrey, se llev\u00f3 a cabo la Santa Misa con motivo de la Clausura de la Asamblea Eclesial Diocesana 2021.<\/p>\n<p>El Arzobispo de Monterrey, resalt\u00f3 durante la homil\u00eda, la finalidad de esta Asamblea.<\/p>\n<p>\u201cLa Asamblea ha querido ser un punto de encuentro, para iniciar un camino largo de vida cristiana, nos proponemos caminar discerniendo, es decir dialogando, para pedirle al Se\u00f1or que con su luz, indique el camino que ha de seguir esta Iglesia de Monterrey en medio de estas circunstancias especiales, en medio de esta pandemia, en medio de la precariedad econ\u00f3mica, y tambi\u00e9n de las diversas situaciones de violencia y agresi\u00f3n\u201d.<\/p>\n<p>\u201cNuestra Asamblea ha querido remarcar lo que el Se\u00f1or nos pide: que donde estamos los seres humanos, sean lugares de encuentro\u201d.<\/p>\n<p>\u201cQue nuestra familia sea un lugar de encuentro, que los lugares a donde vamos a la escuela y al trabajo sean lugares de encuentro, que el barrio y la ciudad sean lugares de encuentro, que nuestros templos y las comunidades parroquiales sean lugares de encuentro\u201d.<\/p>\n<p>\u201cLes dije en la Asamblea, que esta Iglesia de Monterrey, logre ser una sinfon\u00eda, donde las diferencias se unan en alabanza a Dios, que esta gran comunidad de Monterrey est\u00e9 llena de simpat\u00eda, de buenos sentimientos, de nobleza, de cordialidad para que sea posible unir las fuerzas y trabajar juntos\u201d.<\/p>\n<p>\u201cHoy, delante del Se\u00f1or, nos ponemos aqu\u00ed humildemente para dejarnos iluminar por \u00c9l, es providencial que nuestra Asamblea concluya en esta fiesta del Bautismo del Se\u00f1or\u201d.<\/p>\n<p>\u201cEl Bautismo, es nacer para formar una familia en la que Dios nuestro padre manifiesta su amor, pero tambi\u00e9n \u00c9l nos pide extender ese amor entre nosotros, ser hermanos y hermanas\u201d.<\/p>\n<p>Finalmente, Mons. Rogelio, agradeci\u00f3 la bondad y el celo Apost\u00f3lico de todos los que participaron en esta Asamblea y todos los que sirven en esta Iglesia de Monterrey.<br \/>\n<a class=\"oajrlxb2 g5ia77u1 qu0x051f esr5mh6w e9989ue4 r7d6kgcz rq0escxv nhd2j8a9 nc684nl6 p7hjln8o kvgmc6g5 cxmmr5t8 oygrvhab hcukyx3x jb3vyjys rz4wbd8a qt6c0cv9 a8nywdso i1ao9s8h esuyzwwr f1sip0of lzcic4wl oo9gr5id gpro0wi8 lrazzd5p\" tabindex=\"0\" role=\"link\" href=\"https:\/\/www.facebook.com\/hashtag\/iglesiademonterrey?__eep__=6&amp;__tn__=*NK*F\">#IglesiaDeMonterrey<\/a><br \/>\n<a class=\"oajrlxb2 g5ia77u1 qu0x051f esr5mh6w e9989ue4 r7d6kgcz rq0escxv nhd2j8a9 nc684nl6 p7hjln8o kvgmc6g5 cxmmr5t8 oygrvhab hcukyx3x jb3vyjys rz4wbd8a qt6c0cv9 a8nywdso i1ao9s8h esuyzwwr f1sip0of lzcic4wl oo9gr5id gpro0wi8 lrazzd5p\" tabindex=\"0\" role=\"link\" href=\"https:\/\/www.facebook.com\/hashtag\/aed2021?__eep__=6&amp;__tn__=*NK*F\">#AED2021<\/a><\/p>\n","protected":false},"excerpt":{"rendered":"<p>Por Juan Pablo V\u00e1zquez Rodr\u00edguez Monterrey, N.L. (www.pastoralsiglo21.org).- 10 de enero del 2021 ????????\u00ed? ?? ???????? ?? ?? ???????? ???????? ????????? ???? Este domingo, en la<span class=\"excerpt-hellip\"> [\u2026]<\/span><\/p>\n","protected":false},"author":10,"featured_media":13692,"comment_status":"closed","ping_status":"closed","sticky":false,"template":"","format":"standard","meta":[],"categories":[7,14],"tags":[],"_links":{"self":[{"href":"https:\/\/www.arquidiocesismty.org\/arquimty\/wp-json\/wp\/v2\/posts\/13691"}],"collection":[{"href":"https:\/\/www.arquidiocesismty.org\/arquimty\/wp-json\/wp\/v2\/posts"}],"about":[{"href":"https:\/\/www.arquidiocesismty.org\/arquimty\/wp-json\/wp\/v2\/types\/post"}],"author":[{"embeddable":true,"href":"https:\/\/www.arquidiocesismty.org\/arquimty\/wp-json\/wp\/v2\/users\/10"}],"replies":[{"embeddable":true,"href":"https:\/\/www.arquidiocesismty.org\/arquimty\/wp-json\/wp\/v2\/comments?post=13691"}],"version-history":[{"count":3,"href":"https:\/\/www.arquidiocesismty.org\/arquimty\/wp-json\/wp\/v2\/posts\/13691\/revisions"}],"predecessor-version":[{"id":13695,"href":"https:\/\/www.arquidiocesismty.org\/arquimty\/wp-json\/wp\/v2\/posts\/13691\/revisions\/13695"}],"wp:featuredmedia":[{"embeddable":true,"href":"https:\/\/www.arquidiocesismty.org\/arquimty\/wp-json\/wp\/v2\/media\/13692"}],"wp:attachment":[{"href":"https:\/\/www.arquidiocesismty.org\/arquimty\/wp-json\/wp\/v2\/media?parent=13691"}],"wp:term":[{"taxonomy":"category","embeddable":true,"href":"https:\/\/www.arquidiocesismty.org\/arquimty\/wp-json\/wp\/v2\/categories?post=13691"},{"taxonomy":"post_tag","embeddable":true,"href":"https:\/\/www.arquidiocesismty.org\/arquimty\/wp-json\/wp\/v2\/tags?post=13691"}],"curies":[{"name":"wp","href":"https:\/\/api.w.org\/{rel}","templated":true}]}}