{"id":13430,"date":"2020-11-27T10:46:30","date_gmt":"2020-11-27T16:46:30","guid":{"rendered":"https:\/\/www.arquidiocesismty.org\/arquimty\/?p=13430"},"modified":"2020-11-27T10:46:30","modified_gmt":"2020-11-27T16:46:30","slug":"senala-el-papa-cuatro-caracteristicas-esenciales-de-la-vida-de-la-iglesia","status":"publish","type":"post","link":"https:\/\/www.arquidiocesismty.org\/arquimty\/senala-el-papa-cuatro-caracteristicas-esenciales-de-la-vida-de-la-iglesia\/","title":{"rendered":"SE\u00d1ALA EL PAPA CUATRO CARACTER\u00cdSTICAS ESENCIALES DE LA VIDA DE LA IGLESIA"},"content":{"rendered":"<p><strong>Por Juan Pablo V\u00e1zquez Rodr\u00edguez<\/strong><br \/>\n<strong>Monterrey, N.L. (www.pastoralsiglo21.org).- 25 de noviembre 2020<\/strong><\/p>\n<p>Durante la audiencia de este mi\u00e9rcoles, el Papa Francisco comparti\u00f3 cuatro caracter\u00edsticas esenciales de la vida eclesial que surgen del relato del Evangelista Lucas y \u201cnos recuerdan\u201d que \u201cla existencia de la Iglesia tiene sentido si permanece firmemente unida a Cristo: La escucha de la ense\u00f1anza de los ap\u00f3stoles, la custodia de la comuni\u00f3n rec\u00edproca, la fracci\u00f3n del pan y la oraci\u00f3n.<\/p>\n<p>\u201cLa predicaci\u00f3n y la catequesis testimonian las palabras y los gestos del Maestro; la b\u00fasqueda constante de la comuni\u00f3n fraterna preserva de ego\u00edsmos y particularismos; la fracci\u00f3n del pan realiza el sacramento de la presencia de Jes\u00fas en medio de nosotros: \u00c9l no estar\u00e1 nunca ausente, \u00c9l vive y camina con nosotros. Y finalmente la oraci\u00f3n, que es el espacio del di\u00e1logo con el Padre, mediante Cristo en el Esp\u00edritu Santo\u201d.<\/p>\n<p>\u201cCualquier situaci\u00f3n debe ser evaluada a la luz de estas cuatro coordenadas. Lo que no encaja en estas coordenadas carece de eclesialidad, no es eclesial. Es como una casa construida sobre la arena. Es Dios quien hace la Iglesia, no el clamor de las obras. Es la palabra de Jes\u00fas la que llena de sentido nuestros esfuerzos. Es en la humildad que se construye el futuro del mundo. La Iglesia no es un mercado, la Iglesia no es un grupo de empresarios que siguen adelante con esta nueva empresa. La Iglesia es la obra del Esp\u00edritu Santo que Jes\u00fas nos envi\u00f3 a reunir\u201d.<\/p>\n","protected":false},"excerpt":{"rendered":"<p>Por Juan Pablo V\u00e1zquez Rodr\u00edguez Monterrey, N.L. (www.pastoralsiglo21.org).- 25 de noviembre 2020 Durante la audiencia de este mi\u00e9rcoles, el Papa Francisco comparti\u00f3 cuatro caracter\u00edsticas esenciales de<span class=\"excerpt-hellip\"> [\u2026]<\/span><\/p>\n","protected":false},"author":10,"featured_media":13426,"comment_status":"closed","ping_status":"closed","sticky":false,"template":"","format":"standard","meta":[],"categories":[14,6],"tags":[],"_links":{"self":[{"href":"https:\/\/www.arquidiocesismty.org\/arquimty\/wp-json\/wp\/v2\/posts\/13430"}],"collection":[{"href":"https:\/\/www.arquidiocesismty.org\/arquimty\/wp-json\/wp\/v2\/posts"}],"about":[{"href":"https:\/\/www.arquidiocesismty.org\/arquimty\/wp-json\/wp\/v2\/types\/post"}],"author":[{"embeddable":true,"href":"https:\/\/www.arquidiocesismty.org\/arquimty\/wp-json\/wp\/v2\/users\/10"}],"replies":[{"embeddable":true,"href":"https:\/\/www.arquidiocesismty.org\/arquimty\/wp-json\/wp\/v2\/comments?post=13430"}],"version-history":[{"count":1,"href":"https:\/\/www.arquidiocesismty.org\/arquimty\/wp-json\/wp\/v2\/posts\/13430\/revisions"}],"predecessor-version":[{"id":13431,"href":"https:\/\/www.arquidiocesismty.org\/arquimty\/wp-json\/wp\/v2\/posts\/13430\/revisions\/13431"}],"wp:featuredmedia":[{"embeddable":true,"href":"https:\/\/www.arquidiocesismty.org\/arquimty\/wp-json\/wp\/v2\/media\/13426"}],"wp:attachment":[{"href":"https:\/\/www.arquidiocesismty.org\/arquimty\/wp-json\/wp\/v2\/media?parent=13430"}],"wp:term":[{"taxonomy":"category","embeddable":true,"href":"https:\/\/www.arquidiocesismty.org\/arquimty\/wp-json\/wp\/v2\/categories?post=13430"},{"taxonomy":"post_tag","embeddable":true,"href":"https:\/\/www.arquidiocesismty.org\/arquimty\/wp-json\/wp\/v2\/tags?post=13430"}],"curies":[{"name":"wp","href":"https:\/\/api.w.org\/{rel}","templated":true}]}}