{"id":13352,"date":"2020-11-17T16:36:41","date_gmt":"2020-11-17T22:36:41","guid":{"rendered":"https:\/\/www.arquidiocesismty.org\/arquimty\/?p=13352"},"modified":"2020-11-17T16:36:41","modified_gmt":"2020-11-17T22:36:41","slug":"la-riqueza-es-lo-que-somos-no-lo-que-tenemos-papa-francisco","status":"publish","type":"post","link":"https:\/\/www.arquidiocesismty.org\/arquimty\/la-riqueza-es-lo-que-somos-no-lo-que-tenemos-papa-francisco\/","title":{"rendered":"\u201cLA RIQUEZA ES LO QUE SOMOS, NO LO QUE TENEMOS\u201d, PAPA FRANCISCO"},"content":{"rendered":"<p><strong>Por Juan Pablo V\u00e1zquez Rodr\u00edguez<\/strong><br \/>\n<strong>Monterrey, N.L. (www.pastoralsiglo21.org).- 15 de noviembre 2020<\/strong><\/p>\n<p>La ma\u00f1ana de este domingo, 15 de noviembre, el Papa Francisco celebr\u00f3 la Misa en la Bas\u00edlica de San Pedro en el marco de la IV Jornada Mundial de los Pobres que este a\u00f1o lleva como tema: &#8220;Tiende tu mano al pobre&#8221; (cf. Si 7,32).<\/p>\n<p>El Santo Padre profundiz\u00f3 sobre el evangelio del d\u00eda que narra la par\u00e1bola de los talentos que Jes\u00fas cuenta a sus disc\u00edpulos.<\/p>\n<p>&#8220;Con la gracia de Dios, que es Padre y ha puesto tanto bien en nuestras manos, confiando a cada uno talentos diferentes. Somos portadores de una gran riqueza, que no depende de cu\u00e1nto poseamos, sino de lo que somos: de la vida que hemos recibido, del bien que hay en nosotros, de la belleza irreemplazable que Dios nos ha dado\u201d.<\/p>\n<p>\u201cEl servicio es tambi\u00e9n obra nuestra, el esfuerzo que hace fructificar nuestros talentos y da sentido a la vida: de hecho, no sirve para vivir el que no vive para servir. \u00bfPero cu\u00e1l es el estilo de servicio? En el Evangelio, los siervos buenos son los que arriesgan. No son cautelosos y precavidos, no guardan lo que han recibido, sino que lo emplean. Porque el bien, si no se invierte, se pierde; porque la grandeza de nuestra vida no depende de cu\u00e1nto acaparamos, sino de cu\u00e1nto fruto damos\u201d.<\/p>\n<p>\u201cCu\u00e1nta gente pasa su vida acumulando, pensando en estar bien en vez de hacer el bien. \u00a1Pero qu\u00e9 vac\u00eda es una vida que persigue las necesidades, sin mirar a los necesitados! Si tenemos dones, es para ser dones\u201d.<\/p>\n<p>#JornadaMundialDeLosPobres<\/p>\n","protected":false},"excerpt":{"rendered":"<p>Por Juan Pablo V\u00e1zquez Rodr\u00edguez Monterrey, N.L. (www.pastoralsiglo21.org).- 15 de noviembre 2020 La ma\u00f1ana de este domingo, 15 de noviembre, el Papa Francisco celebr\u00f3 la Misa<span class=\"excerpt-hellip\"> [\u2026]<\/span><\/p>\n","protected":false},"author":10,"featured_media":13343,"comment_status":"closed","ping_status":"closed","sticky":false,"template":"","format":"standard","meta":[],"categories":[14,6],"tags":[],"_links":{"self":[{"href":"https:\/\/www.arquidiocesismty.org\/arquimty\/wp-json\/wp\/v2\/posts\/13352"}],"collection":[{"href":"https:\/\/www.arquidiocesismty.org\/arquimty\/wp-json\/wp\/v2\/posts"}],"about":[{"href":"https:\/\/www.arquidiocesismty.org\/arquimty\/wp-json\/wp\/v2\/types\/post"}],"author":[{"embeddable":true,"href":"https:\/\/www.arquidiocesismty.org\/arquimty\/wp-json\/wp\/v2\/users\/10"}],"replies":[{"embeddable":true,"href":"https:\/\/www.arquidiocesismty.org\/arquimty\/wp-json\/wp\/v2\/comments?post=13352"}],"version-history":[{"count":1,"href":"https:\/\/www.arquidiocesismty.org\/arquimty\/wp-json\/wp\/v2\/posts\/13352\/revisions"}],"predecessor-version":[{"id":13353,"href":"https:\/\/www.arquidiocesismty.org\/arquimty\/wp-json\/wp\/v2\/posts\/13352\/revisions\/13353"}],"wp:featuredmedia":[{"embeddable":true,"href":"https:\/\/www.arquidiocesismty.org\/arquimty\/wp-json\/wp\/v2\/media\/13343"}],"wp:attachment":[{"href":"https:\/\/www.arquidiocesismty.org\/arquimty\/wp-json\/wp\/v2\/media?parent=13352"}],"wp:term":[{"taxonomy":"category","embeddable":true,"href":"https:\/\/www.arquidiocesismty.org\/arquimty\/wp-json\/wp\/v2\/categories?post=13352"},{"taxonomy":"post_tag","embeddable":true,"href":"https:\/\/www.arquidiocesismty.org\/arquimty\/wp-json\/wp\/v2\/tags?post=13352"}],"curies":[{"name":"wp","href":"https:\/\/api.w.org\/{rel}","templated":true}]}}