{"id":13330,"date":"2020-11-14T16:15:36","date_gmt":"2020-11-14T22:15:36","guid":{"rendered":"https:\/\/www.arquidiocesismty.org\/arquimty\/?p=13330"},"modified":"2020-11-14T16:15:36","modified_gmt":"2020-11-14T22:15:36","slug":"bendice-papa-francisco-imagen-de-la-medalla-milagrosa","status":"publish","type":"post","link":"https:\/\/www.arquidiocesismty.org\/arquimty\/bendice-papa-francisco-imagen-de-la-medalla-milagrosa\/","title":{"rendered":"BENDICE PAPA FRANCISCO IMAGEN DE LA MEDALLA MILAGROSA"},"content":{"rendered":"<p><strong>Por Juan Pablo V\u00e1zquez Rodr\u00edguez<\/strong><br \/>\n<strong>Monterrey, N.L. (www.pastoralsiglo21.org).- 11 de noviembre 2020<\/strong><\/p>\n<p>Esta ma\u00f1ana el #PapaFrancisco bendijo la imagen de la Sant\u00edsima Virgen Mar\u00eda de la Medalla Milagrosa.<\/p>\n<p>Esta bendici\u00f3n, con motivo del comienzo de la peregrinaci\u00f3n a Italia de la Sagrada efigie mariana, de la Familia Vicentina 190 a\u00f1os despu\u00e9s de las apariciones a Santa Catalina Labour\u00e9<\/p>\n<p>#VirgenMari\u0301a<\/p>\n","protected":false},"excerpt":{"rendered":"<p>Por Juan Pablo V\u00e1zquez Rodr\u00edguez Monterrey, N.L. (www.pastoralsiglo21.org).- 11 de noviembre 2020 Esta ma\u00f1ana el #PapaFrancisco bendijo la imagen de la Sant\u00edsima Virgen Mar\u00eda de la<span class=\"excerpt-hellip\"> [\u2026]<\/span><\/p>\n","protected":false},"author":10,"featured_media":13312,"comment_status":"closed","ping_status":"closed","sticky":false,"template":"","format":"standard","meta":[],"categories":[14,6],"tags":[],"_links":{"self":[{"href":"https:\/\/www.arquidiocesismty.org\/arquimty\/wp-json\/wp\/v2\/posts\/13330"}],"collection":[{"href":"https:\/\/www.arquidiocesismty.org\/arquimty\/wp-json\/wp\/v2\/posts"}],"about":[{"href":"https:\/\/www.arquidiocesismty.org\/arquimty\/wp-json\/wp\/v2\/types\/post"}],"author":[{"embeddable":true,"href":"https:\/\/www.arquidiocesismty.org\/arquimty\/wp-json\/wp\/v2\/users\/10"}],"replies":[{"embeddable":true,"href":"https:\/\/www.arquidiocesismty.org\/arquimty\/wp-json\/wp\/v2\/comments?post=13330"}],"version-history":[{"count":1,"href":"https:\/\/www.arquidiocesismty.org\/arquimty\/wp-json\/wp\/v2\/posts\/13330\/revisions"}],"predecessor-version":[{"id":13331,"href":"https:\/\/www.arquidiocesismty.org\/arquimty\/wp-json\/wp\/v2\/posts\/13330\/revisions\/13331"}],"wp:featuredmedia":[{"embeddable":true,"href":"https:\/\/www.arquidiocesismty.org\/arquimty\/wp-json\/wp\/v2\/media\/13312"}],"wp:attachment":[{"href":"https:\/\/www.arquidiocesismty.org\/arquimty\/wp-json\/wp\/v2\/media?parent=13330"}],"wp:term":[{"taxonomy":"category","embeddable":true,"href":"https:\/\/www.arquidiocesismty.org\/arquimty\/wp-json\/wp\/v2\/categories?post=13330"},{"taxonomy":"post_tag","embeddable":true,"href":"https:\/\/www.arquidiocesismty.org\/arquimty\/wp-json\/wp\/v2\/tags?post=13330"}],"curies":[{"name":"wp","href":"https:\/\/api.w.org\/{rel}","templated":true}]}}