{"id":1312,"date":"2017-06-04T11:23:52","date_gmt":"2017-06-04T16:23:52","guid":{"rendered":"https:\/\/www.arquidiocesismty.org\/arquimty\/?p=1312"},"modified":"2017-06-04T11:36:31","modified_gmt":"2017-06-04T16:36:31","slug":"abrira-nueva-preparatoria-la-arquidiocesis-de-monterrey","status":"publish","type":"post","link":"https:\/\/www.arquidiocesismty.org\/arquimty\/abrira-nueva-preparatoria-la-arquidiocesis-de-monterrey\/","title":{"rendered":"ABRIR\u00c1 NUEVA PREPARATORIA LA ARQUIDI\u00d3CESIS DE MONTERREY"},"content":{"rendered":"<p><strong>Monterrey, N.L. (<a href=\"http:\/\/www.pastoralsiglo21.org)\">www.pastoralsiglo21.org)<\/a> 4 de junio 2017.<\/strong> Los j\u00f3venes que deseen estudiar la preparatoria y tengan dificultades econ\u00f3micas, tendr\u00e1n una nueva oportunidad que la Iglesia de Monterrey brindara en el municipio de Apodaca, as\u00ed lo dio a conocer el Arzobispo de Monterrey Mons. Rogelio Cabrera L\u00f3pez durante la rueda de prensa dominical.<\/p>\n<p>\u201cMe alegra informarles que estamos por abrir una nueva preparatoria en la ciudad de Apodaca, N.L., las inscripciones ya est\u00e1n abiertas y Dios mediante, el curso iniciara el mes de agosto\u201d.<\/p>\n<p>La preparatoria estar\u00e1 ubicada en las instalaciones de la Parroquia de San Francisco de As\u00eds, en el centro de Apodaca, y quien desee m\u00e1s informaci\u00f3n puede acudir directamente, donde ya hay un m\u00f3dulo de inscripci\u00f3n e informaci\u00f3n. La capacidad para esta primera generaci\u00f3n es para 70 alumnos, dos grupos de 35.<\/p>\n<p>Mons. Rogelio, invit\u00f3 a sumarse a esta tarea de apoyo a los j\u00f3venes con anhelos de superaci\u00f3n: \u201cRecordemos que el objetivo principal de nuestro Instituto es apoyar a quienes menos recursos tienen, por lo que hago un llamado a quienes deseen ser parte de esta buena obra para que juntos podamos becar a los j\u00f3venes que tienen anhelos de crecer y superarse en la vida\u201d.<\/p>\n<p>Finalmente, el Arzobispo comparti\u00f3 la alegr\u00eda por la graduaci\u00f3n de la primera generaci\u00f3n de alumnos de la preparatoria de la Arquidi\u00f3cesis, ubicado en las instalaciones de la Casa de la Iglesia en San Pedro Garza Garc\u00eda.<\/p>\n<p><strong>Por. Juan Pablo V\u00e1zquez Rodr\u00edguez<\/strong><\/p>\n","protected":false},"excerpt":{"rendered":"<p>Monterrey, N.L. (www.pastoralsiglo21.org) 4 de junio 2017. Los j\u00f3venes que deseen estudiar la preparatoria y tengan dificultades econ\u00f3micas, tendr\u00e1n una nueva oportunidad que la Iglesia de<span class=\"excerpt-hellip\"> [\u2026]<\/span><\/p>\n","protected":false},"author":3,"featured_media":1313,"comment_status":"open","ping_status":"open","sticky":false,"template":"","format":"standard","meta":[],"categories":[7,14],"tags":[23],"_links":{"self":[{"href":"https:\/\/www.arquidiocesismty.org\/arquimty\/wp-json\/wp\/v2\/posts\/1312"}],"collection":[{"href":"https:\/\/www.arquidiocesismty.org\/arquimty\/wp-json\/wp\/v2\/posts"}],"about":[{"href":"https:\/\/www.arquidiocesismty.org\/arquimty\/wp-json\/wp\/v2\/types\/post"}],"author":[{"embeddable":true,"href":"https:\/\/www.arquidiocesismty.org\/arquimty\/wp-json\/wp\/v2\/users\/3"}],"replies":[{"embeddable":true,"href":"https:\/\/www.arquidiocesismty.org\/arquimty\/wp-json\/wp\/v2\/comments?post=1312"}],"version-history":[{"count":2,"href":"https:\/\/www.arquidiocesismty.org\/arquimty\/wp-json\/wp\/v2\/posts\/1312\/revisions"}],"predecessor-version":[{"id":1315,"href":"https:\/\/www.arquidiocesismty.org\/arquimty\/wp-json\/wp\/v2\/posts\/1312\/revisions\/1315"}],"wp:featuredmedia":[{"embeddable":true,"href":"https:\/\/www.arquidiocesismty.org\/arquimty\/wp-json\/wp\/v2\/media\/1313"}],"wp:attachment":[{"href":"https:\/\/www.arquidiocesismty.org\/arquimty\/wp-json\/wp\/v2\/media?parent=1312"}],"wp:term":[{"taxonomy":"category","embeddable":true,"href":"https:\/\/www.arquidiocesismty.org\/arquimty\/wp-json\/wp\/v2\/categories?post=1312"},{"taxonomy":"post_tag","embeddable":true,"href":"https:\/\/www.arquidiocesismty.org\/arquimty\/wp-json\/wp\/v2\/tags?post=1312"}],"curies":[{"name":"wp","href":"https:\/\/api.w.org\/{rel}","templated":true}]}}