{"id":13103,"date":"2020-10-22T00:49:02","date_gmt":"2020-10-22T05:49:02","guid":{"rendered":"https:\/\/www.arquidiocesismty.org\/arquimty\/?p=13103"},"modified":"2020-10-22T00:49:02","modified_gmt":"2020-10-22T05:49:02","slug":"la-oracion-falsa-es-aquella-que-se-hace-solo-para-ser-admirada-por-otros","status":"publish","type":"post","link":"https:\/\/www.arquidiocesismty.org\/arquimty\/la-oracion-falsa-es-aquella-que-se-hace-solo-para-ser-admirada-por-otros\/","title":{"rendered":"LA \u201cORACI\u00d3N FALSA\u201d ES AQUELLA QUE SE HACE S\u00d3LO PARA SER ADMIRADA POR OTROS"},"content":{"rendered":"<p><strong>Por Juan Pablo V\u00e1zquez Rodr\u00edguez<\/strong><br \/>\n<strong>Monterrey, N.L. (www.pastoralsiglo21.org).- 21 de octubre 2020<\/strong><\/p>\n<p>Existe una oraci\u00f3n falsa, en la que se busca ser admirados, cubrir las propias necesidades o encontrar consuelo. Esa oraci\u00f3n, en la que el hermano no est\u00e1 presente, no es una oraci\u00f3n cristiana: lo afirm\u00f3 el Papa en la catequesis de este mi\u00e9rcoles en la que parti\u00f3 de la figura del \u201cimp\u00edo\u201d, es decir, de aquella persona que vive como si Dios no existiera.<\/p>\n<p>El Papa se refiri\u00f3 luego a la \u201coraci\u00f3n falsa\u201d, es decir, aquella \u201cs\u00f3lo para ser admirados por los otros\u201d, contraponi\u00e9ndola con aquella sincera, que \u201chace contemplar la realidad con los ojos mismos de Dios\u201d.<\/p>\n<p>\u201cQuienes van a misa s\u00f3lo para hacer ver que van a misa, que son cat\u00f3licos o para mostrar el \u00faltimo modelo que han comprado&#8230; para hacer una buena figura social. Van a una oraci\u00f3n falsa.\u201d<\/p>\n<p>Adem\u00e1s a\u00f1adi\u00f3 que la oraci\u00f3n, \u201cno es un calmante para aliviar las ansiedades de la vida\u201d. La oraci\u00f3n \u201cresponsabiliza\u201d.<\/p>\n","protected":false},"excerpt":{"rendered":"<p>Por Juan Pablo V\u00e1zquez Rodr\u00edguez Monterrey, N.L. (www.pastoralsiglo21.org).- 21 de octubre 2020 Existe una oraci\u00f3n falsa, en la que se busca ser admirados, cubrir las propias<span class=\"excerpt-hellip\"> [\u2026]<\/span><\/p>\n","protected":false},"author":10,"featured_media":13100,"comment_status":"closed","ping_status":"closed","sticky":false,"template":"","format":"standard","meta":[],"categories":[14,6],"tags":[],"_links":{"self":[{"href":"https:\/\/www.arquidiocesismty.org\/arquimty\/wp-json\/wp\/v2\/posts\/13103"}],"collection":[{"href":"https:\/\/www.arquidiocesismty.org\/arquimty\/wp-json\/wp\/v2\/posts"}],"about":[{"href":"https:\/\/www.arquidiocesismty.org\/arquimty\/wp-json\/wp\/v2\/types\/post"}],"author":[{"embeddable":true,"href":"https:\/\/www.arquidiocesismty.org\/arquimty\/wp-json\/wp\/v2\/users\/10"}],"replies":[{"embeddable":true,"href":"https:\/\/www.arquidiocesismty.org\/arquimty\/wp-json\/wp\/v2\/comments?post=13103"}],"version-history":[{"count":1,"href":"https:\/\/www.arquidiocesismty.org\/arquimty\/wp-json\/wp\/v2\/posts\/13103\/revisions"}],"predecessor-version":[{"id":13104,"href":"https:\/\/www.arquidiocesismty.org\/arquimty\/wp-json\/wp\/v2\/posts\/13103\/revisions\/13104"}],"wp:featuredmedia":[{"embeddable":true,"href":"https:\/\/www.arquidiocesismty.org\/arquimty\/wp-json\/wp\/v2\/media\/13100"}],"wp:attachment":[{"href":"https:\/\/www.arquidiocesismty.org\/arquimty\/wp-json\/wp\/v2\/media?parent=13103"}],"wp:term":[{"taxonomy":"category","embeddable":true,"href":"https:\/\/www.arquidiocesismty.org\/arquimty\/wp-json\/wp\/v2\/categories?post=13103"},{"taxonomy":"post_tag","embeddable":true,"href":"https:\/\/www.arquidiocesismty.org\/arquimty\/wp-json\/wp\/v2\/tags?post=13103"}],"curies":[{"name":"wp","href":"https:\/\/api.w.org\/{rel}","templated":true}]}}