{"id":13061,"date":"2020-10-16T13:41:57","date_gmt":"2020-10-16T18:41:57","guid":{"rendered":"https:\/\/www.arquidiocesismty.org\/arquimty\/?p=13061"},"modified":"2020-10-16T13:41:57","modified_gmt":"2020-10-16T18:41:57","slug":"reabre-museo-arquidiocesano-de-arte-sacro-en-monterrey","status":"publish","type":"post","link":"https:\/\/www.arquidiocesismty.org\/arquimty\/reabre-museo-arquidiocesano-de-arte-sacro-en-monterrey\/","title":{"rendered":"REABRE MUSEO ARQUIDIOCESANO DE ARTE SACRO EN MONTERREY"},"content":{"rendered":"<p><strong>Por Debany Vald\u00e9s<\/strong><br \/>\n<strong>Monterrey, N.L. (www.pastoralsiglo21.org).- 15 de octubre 2020<\/strong><\/p>\n<p>Museo Arquidiocesano de Arte Sacro reabre sus puertas a partir del pr\u00f3ximo s\u00e1bado 17 de octubre, en sus horarios habituales, cumpliendo con las medidas establecidas por las autoridades de salud.<\/p>\n<p>De Martes a Domingo de 10:00 a.m. a 5:45 p.m. podr\u00e1n ingresar los visitantes al Museo de entre 12 a 64 a\u00f1os, de modo gratuito y sin previa reservaci\u00f3n; el ingreso ser\u00e1 de dos personas cada cinco minutos,o bien, hasta cuatro miembros por familia, con las ya conocidas indicaciones: uso de cubrebocas obligatorio, verificaci\u00f3n de temperatura, aplicaci\u00f3n de gel, etc.<\/p>\n<p>MAAS cuenta actualmente con la exposici\u00f3n permanente de piezas de valor hist\u00f3rico y art\u00edstico, y a su vez, la exposici\u00f3n temporal \u201cPontifex. San Pedro y los Pap\u00e1s en el patrimonio arquidiocesano\u201d.<\/p>\n<p>No te pierdas la oportunidad de conocer lo que el Museo Arquidiocesano de Arte Sacro tiene para ti en esta Nueva Normalidad.<\/p>\n","protected":false},"excerpt":{"rendered":"<p>Por Debany Vald\u00e9s Monterrey, N.L. (www.pastoralsiglo21.org).- 15 de octubre 2020 Museo Arquidiocesano de Arte Sacro reabre sus puertas a partir del pr\u00f3ximo s\u00e1bado 17 de octubre,<span class=\"excerpt-hellip\"> [\u2026]<\/span><\/p>\n","protected":false},"author":10,"featured_media":13057,"comment_status":"closed","ping_status":"closed","sticky":false,"template":"","format":"standard","meta":[],"categories":[7,14],"tags":[],"_links":{"self":[{"href":"https:\/\/www.arquidiocesismty.org\/arquimty\/wp-json\/wp\/v2\/posts\/13061"}],"collection":[{"href":"https:\/\/www.arquidiocesismty.org\/arquimty\/wp-json\/wp\/v2\/posts"}],"about":[{"href":"https:\/\/www.arquidiocesismty.org\/arquimty\/wp-json\/wp\/v2\/types\/post"}],"author":[{"embeddable":true,"href":"https:\/\/www.arquidiocesismty.org\/arquimty\/wp-json\/wp\/v2\/users\/10"}],"replies":[{"embeddable":true,"href":"https:\/\/www.arquidiocesismty.org\/arquimty\/wp-json\/wp\/v2\/comments?post=13061"}],"version-history":[{"count":1,"href":"https:\/\/www.arquidiocesismty.org\/arquimty\/wp-json\/wp\/v2\/posts\/13061\/revisions"}],"predecessor-version":[{"id":13062,"href":"https:\/\/www.arquidiocesismty.org\/arquimty\/wp-json\/wp\/v2\/posts\/13061\/revisions\/13062"}],"wp:featuredmedia":[{"embeddable":true,"href":"https:\/\/www.arquidiocesismty.org\/arquimty\/wp-json\/wp\/v2\/media\/13057"}],"wp:attachment":[{"href":"https:\/\/www.arquidiocesismty.org\/arquimty\/wp-json\/wp\/v2\/media?parent=13061"}],"wp:term":[{"taxonomy":"category","embeddable":true,"href":"https:\/\/www.arquidiocesismty.org\/arquimty\/wp-json\/wp\/v2\/categories?post=13061"},{"taxonomy":"post_tag","embeddable":true,"href":"https:\/\/www.arquidiocesismty.org\/arquimty\/wp-json\/wp\/v2\/tags?post=13061"}],"curies":[{"name":"wp","href":"https:\/\/api.w.org\/{rel}","templated":true}]}}