{"id":12968,"date":"2020-10-04T17:19:38","date_gmt":"2020-10-04T22:19:38","guid":{"rendered":"https:\/\/www.arquidiocesismty.org\/arquimty\/?p=12968"},"modified":"2020-10-04T17:19:38","modified_gmt":"2020-10-04T22:19:38","slug":"el-papa-francisco-firma-sobre-la-tumba-de-san-francisco-fratelli-tutti","status":"publish","type":"post","link":"https:\/\/www.arquidiocesismty.org\/arquimty\/el-papa-francisco-firma-sobre-la-tumba-de-san-francisco-fratelli-tutti\/","title":{"rendered":"EL PAPA FRANCISCO FIRMA SOBRE LA TUMBA DE SAN FRANCISCO FRATELLI TUTTI"},"content":{"rendered":"<p><strong>Por Juan Pablo V\u00e1zquez Rodr\u00edguez <\/strong><br \/>\n<strong>Monterrey, N.L. (www.pastoralsiglo21.org).- 3 de octubre 2020<\/strong><\/p>\n<p>En la cripta de la Bas\u00edlica inferior, el Papa Francisco celebr\u00f3 la Santa Misa y al final, sobre la tumba de As\u00eds, firm\u00f3 su tercera Enc\u00edclica, &#8220;Fratelli tutti&#8221;, dedicada a la fraternidad y a la amistad social, valores esenciales para devolver la esperanza y el impulso a una humanidad herida incluso por la pandemia de Covid-19.<\/p>\n<p>Una Enc\u00edclica que toma su nombre de las palabras escritas por San Francisco y que ser\u00e1 presentada ma\u00f1ana.<\/p>\n<p>El Papa no dio la homil\u00eda. Es la oraci\u00f3n, el silencio, la sencillez lo que marca esta visita que, a petici\u00f3n del Papa por la situaci\u00f3n de salud, se realiza sin ninguna participaci\u00f3n de los fieles siguiendo las palabras de la liturgia dedicada a San Francisco, en la v\u00edspera de la fiesta del Poverello.<\/p>\n","protected":false},"excerpt":{"rendered":"<p>Por Juan Pablo V\u00e1zquez Rodr\u00edguez Monterrey, N.L. (www.pastoralsiglo21.org).- 3 de octubre 2020 En la cripta de la Bas\u00edlica inferior, el Papa Francisco celebr\u00f3 la Santa Misa<span class=\"excerpt-hellip\"> [\u2026]<\/span><\/p>\n","protected":false},"author":10,"featured_media":12953,"comment_status":"closed","ping_status":"closed","sticky":false,"template":"","format":"standard","meta":[],"categories":[14,6],"tags":[],"_links":{"self":[{"href":"https:\/\/www.arquidiocesismty.org\/arquimty\/wp-json\/wp\/v2\/posts\/12968"}],"collection":[{"href":"https:\/\/www.arquidiocesismty.org\/arquimty\/wp-json\/wp\/v2\/posts"}],"about":[{"href":"https:\/\/www.arquidiocesismty.org\/arquimty\/wp-json\/wp\/v2\/types\/post"}],"author":[{"embeddable":true,"href":"https:\/\/www.arquidiocesismty.org\/arquimty\/wp-json\/wp\/v2\/users\/10"}],"replies":[{"embeddable":true,"href":"https:\/\/www.arquidiocesismty.org\/arquimty\/wp-json\/wp\/v2\/comments?post=12968"}],"version-history":[{"count":1,"href":"https:\/\/www.arquidiocesismty.org\/arquimty\/wp-json\/wp\/v2\/posts\/12968\/revisions"}],"predecessor-version":[{"id":12969,"href":"https:\/\/www.arquidiocesismty.org\/arquimty\/wp-json\/wp\/v2\/posts\/12968\/revisions\/12969"}],"wp:featuredmedia":[{"embeddable":true,"href":"https:\/\/www.arquidiocesismty.org\/arquimty\/wp-json\/wp\/v2\/media\/12953"}],"wp:attachment":[{"href":"https:\/\/www.arquidiocesismty.org\/arquimty\/wp-json\/wp\/v2\/media?parent=12968"}],"wp:term":[{"taxonomy":"category","embeddable":true,"href":"https:\/\/www.arquidiocesismty.org\/arquimty\/wp-json\/wp\/v2\/categories?post=12968"},{"taxonomy":"post_tag","embeddable":true,"href":"https:\/\/www.arquidiocesismty.org\/arquimty\/wp-json\/wp\/v2\/tags?post=12968"}],"curies":[{"name":"wp","href":"https:\/\/api.w.org\/{rel}","templated":true}]}}