{"id":12960,"date":"2020-10-04T17:16:44","date_gmt":"2020-10-04T22:16:44","guid":{"rendered":"https:\/\/www.arquidiocesismty.org\/arquimty\/?p=12960"},"modified":"2020-10-04T17:16:44","modified_gmt":"2020-10-04T22:16:44","slug":"abren-tumba-de-carlo-acutis-para-su-veneracion-a-dias-de-ser-beatificado","status":"publish","type":"post","link":"https:\/\/www.arquidiocesismty.org\/arquimty\/abren-tumba-de-carlo-acutis-para-su-veneracion-a-dias-de-ser-beatificado\/","title":{"rendered":"ABREN TUMBA DE CARLO ACUTIS, PARA SU VENERACI\u00d3N, A DIAS DE SER BEATIFICADO"},"content":{"rendered":"<p><strong>Por Debany Vald\u00e9s<\/strong><br \/>\n<strong>Monterrey, N.L. (www.pastoralsiglo21.org).- 1 de octubre 2020<\/strong><\/p>\n<p>Hoy en el Santuario de la Expoliaci\u00f3n en As\u00eds, Italia, fue expuesto el cuerpo de Carlo Acutis, el ciberap\u00f3stol, que ser\u00e1 beatificado el pr\u00f3ximo 10 de octubre.<\/p>\n<p>Carlo, fue un joven italiano que falleci\u00f3 a los 15 a\u00f1os a ra\u00edz de una leucemia fulminante en 2006; hoy circularon algunas im\u00e1genes de su cuerpo, el cual aparenta estar incorrupto, sin embargo, el rector del Santuario del Despojo, P. Carlos Ac\u00e1cio Gon\u00e7alves Ferreira inform\u00f3 \u201cse encuentra en un estado muy \u00edntegro, no intacto, pero \u00edntegro. Conserva todos los \u00f3rganos\u201d.<\/p>\n<p>A partir de hoy, los fieles podr\u00e1n visitar y ver los restos mortales de Carlo Acutis, el primer santo en aparecer en jeans y tenis, que con su testimonio busc\u00f3 proclamar el Evangelio con mucha alegr\u00eda y amor a la Eucarist\u00eda.<\/p>\n","protected":false},"excerpt":{"rendered":"<p>Por Debany Vald\u00e9s Monterrey, N.L. (www.pastoralsiglo21.org).- 1 de octubre 2020 Hoy en el Santuario de la Expoliaci\u00f3n en As\u00eds, Italia, fue expuesto el cuerpo de Carlo<span class=\"excerpt-hellip\"> [\u2026]<\/span><\/p>\n","protected":false},"author":10,"featured_media":12957,"comment_status":"closed","ping_status":"closed","sticky":false,"template":"","format":"standard","meta":[],"categories":[4,14],"tags":[],"_links":{"self":[{"href":"https:\/\/www.arquidiocesismty.org\/arquimty\/wp-json\/wp\/v2\/posts\/12960"}],"collection":[{"href":"https:\/\/www.arquidiocesismty.org\/arquimty\/wp-json\/wp\/v2\/posts"}],"about":[{"href":"https:\/\/www.arquidiocesismty.org\/arquimty\/wp-json\/wp\/v2\/types\/post"}],"author":[{"embeddable":true,"href":"https:\/\/www.arquidiocesismty.org\/arquimty\/wp-json\/wp\/v2\/users\/10"}],"replies":[{"embeddable":true,"href":"https:\/\/www.arquidiocesismty.org\/arquimty\/wp-json\/wp\/v2\/comments?post=12960"}],"version-history":[{"count":1,"href":"https:\/\/www.arquidiocesismty.org\/arquimty\/wp-json\/wp\/v2\/posts\/12960\/revisions"}],"predecessor-version":[{"id":12961,"href":"https:\/\/www.arquidiocesismty.org\/arquimty\/wp-json\/wp\/v2\/posts\/12960\/revisions\/12961"}],"wp:featuredmedia":[{"embeddable":true,"href":"https:\/\/www.arquidiocesismty.org\/arquimty\/wp-json\/wp\/v2\/media\/12957"}],"wp:attachment":[{"href":"https:\/\/www.arquidiocesismty.org\/arquimty\/wp-json\/wp\/v2\/media?parent=12960"}],"wp:term":[{"taxonomy":"category","embeddable":true,"href":"https:\/\/www.arquidiocesismty.org\/arquimty\/wp-json\/wp\/v2\/categories?post=12960"},{"taxonomy":"post_tag","embeddable":true,"href":"https:\/\/www.arquidiocesismty.org\/arquimty\/wp-json\/wp\/v2\/tags?post=12960"}],"curies":[{"name":"wp","href":"https:\/\/api.w.org\/{rel}","templated":true}]}}