{"id":12949,"date":"2020-10-04T12:54:41","date_gmt":"2020-10-04T17:54:41","guid":{"rendered":"https:\/\/www.arquidiocesismty.org\/arquimty\/?p=12949"},"modified":"2020-10-04T12:54:41","modified_gmt":"2020-10-04T17:54:41","slug":"papa-francisco-firma-carta-para-fomentar-el-amor-a-las-sagradas-escrituras","status":"publish","type":"post","link":"https:\/\/www.arquidiocesismty.org\/arquimty\/papa-francisco-firma-carta-para-fomentar-el-amor-a-las-sagradas-escrituras\/","title":{"rendered":"PAPA FRANCISCO FIRMA CARTA PARA FOMENTAR EL AMOR A LAS SAGRADAS ESCRITURAS"},"content":{"rendered":"<p><strong>Por Juan Pablo V\u00e1zquez Rodr\u00edguez <\/strong><br \/>\n<strong>Monterrey, N.L. (www.pastoralsiglo21.org).- 1 de octubre 2020<\/strong><\/p>\n<p>Mil seiscientos a\u00f1os despu\u00e9s de la muerte de San Jer\u00f3nimo, el Papa Francisco quiso dedicar a este santo, la Carta Apost\u00f3lica Scripturae Sacrae Affectus.<\/p>\n<p>La Carta Apost\u00f3lica Scripturae Sacrae Affectus del Papa Francisco, publicada el mismo d\u00eda en que la Iglesia recuerda al gran Padre de la Iglesia, est\u00e1 dedicada al amor por la Sagrada Escritura de San Jer\u00f3nimo. El Pont\u00edfice invita a todos a retomar el legado de aquel a quien se le debe la traducci\u00f3n de la Biblia al lat\u00edn, y dirige un llamamiento a los j\u00f3venes: salir en busca de lo que Jer\u00f3nimo nos dej\u00f3.<\/p>\n","protected":false},"excerpt":{"rendered":"<p>Por Juan Pablo V\u00e1zquez Rodr\u00edguez Monterrey, N.L. (www.pastoralsiglo21.org).- 1 de octubre 2020 Mil seiscientos a\u00f1os despu\u00e9s de la muerte de San Jer\u00f3nimo, el Papa Francisco quiso<span class=\"excerpt-hellip\"> [\u2026]<\/span><\/p>\n","protected":false},"author":10,"featured_media":12938,"comment_status":"closed","ping_status":"closed","sticky":false,"template":"","format":"standard","meta":[],"categories":[14,6],"tags":[],"_links":{"self":[{"href":"https:\/\/www.arquidiocesismty.org\/arquimty\/wp-json\/wp\/v2\/posts\/12949"}],"collection":[{"href":"https:\/\/www.arquidiocesismty.org\/arquimty\/wp-json\/wp\/v2\/posts"}],"about":[{"href":"https:\/\/www.arquidiocesismty.org\/arquimty\/wp-json\/wp\/v2\/types\/post"}],"author":[{"embeddable":true,"href":"https:\/\/www.arquidiocesismty.org\/arquimty\/wp-json\/wp\/v2\/users\/10"}],"replies":[{"embeddable":true,"href":"https:\/\/www.arquidiocesismty.org\/arquimty\/wp-json\/wp\/v2\/comments?post=12949"}],"version-history":[{"count":1,"href":"https:\/\/www.arquidiocesismty.org\/arquimty\/wp-json\/wp\/v2\/posts\/12949\/revisions"}],"predecessor-version":[{"id":12950,"href":"https:\/\/www.arquidiocesismty.org\/arquimty\/wp-json\/wp\/v2\/posts\/12949\/revisions\/12950"}],"wp:featuredmedia":[{"embeddable":true,"href":"https:\/\/www.arquidiocesismty.org\/arquimty\/wp-json\/wp\/v2\/media\/12938"}],"wp:attachment":[{"href":"https:\/\/www.arquidiocesismty.org\/arquimty\/wp-json\/wp\/v2\/media?parent=12949"}],"wp:term":[{"taxonomy":"category","embeddable":true,"href":"https:\/\/www.arquidiocesismty.org\/arquimty\/wp-json\/wp\/v2\/categories?post=12949"},{"taxonomy":"post_tag","embeddable":true,"href":"https:\/\/www.arquidiocesismty.org\/arquimty\/wp-json\/wp\/v2\/tags?post=12949"}],"curies":[{"name":"wp","href":"https:\/\/api.w.org\/{rel}","templated":true}]}}