{"id":1283,"date":"2017-06-01T17:25:16","date_gmt":"2017-06-01T22:25:16","guid":{"rendered":"https:\/\/www.arquidiocesismty.org\/arquimty\/?p=1283"},"modified":"2017-06-01T17:32:56","modified_gmt":"2017-06-01T22:32:56","slug":"realizan-jornada-academica-nuestra-senora-del-roble","status":"publish","type":"post","link":"https:\/\/www.arquidiocesismty.org\/arquimty\/realizan-jornada-academica-nuestra-senora-del-roble\/","title":{"rendered":"REALIZAN JORNADA ACAD\u00c9MICA NUESTRA SE\u00d1ORA DEL ROBLE"},"content":{"rendered":"<h2>El Instituto de la Arquidi\u00f3cesis de Monterrey lleva a cabo conferencias y talleres para conmemorar a su Santa Patrona<\/h2>\n<p><strong>Monterrey, N.L.<\/strong> (<a href=\"http:\/\/www.pastoralsiglo21.org\">www.pastoralsiglo21.org<\/a>) <strong>31 de mayo del 2017.-<\/strong> Con la participaci\u00f3n entusiasta de un p\u00fablico que aprovech\u00f3 cada actividad y conferencia, se llev\u00f3 a cabo la Primera Jornada Acad\u00e9mica Nuestra Se\u00f1ora del Roble Persona y Familia organizada por el Instituto de la Arquidi\u00f3cesis de Monterrey.<\/p>\n<p>El evento fue inaugurado por Mons. Juan Armando P\u00e9rez Talamantes, Obispo Auxiliar de Monterrey, acompa\u00f1ado por el Pbro. Mart\u00edn \u00a0Eduardo Mart\u00ednez Quiroga, director del Instituto, Pbro. Eliezer Sandoval Espinosa, director acad\u00e9mico del Instituto, y los sacerdotes Francisco Armando G\u00f3mez Ruiz y David Issac Zepeda Osuna, quienes participaron como \u00a0conferencistas.<\/p>\n<p>Mons. Juan Armando dijo que a la Virgen del Roble le ha sido encomendado el crecimiento y la Evangelizaci\u00f3n de la Ciudad, y ahora que el Instituto ha querido iniciar estas jornadas en honor de la Virgen del Roble es una \u201cgran luz\u201d.<\/p>\n<p>\u201cTenemos que honrar este coraz\u00f3n de Mar\u00eda con la reflexi\u00f3n, con el pensamiento. Este ejercicio acad\u00e9mico es una invitaci\u00f3n a integrar nuestra fe y devoci\u00f3n con la reflexi\u00f3n, el objetivo es dar testimonio del amor de Dios y salir inspirados para llevar a nuestros ambientes como disc\u00edpulos misioneros este esfuerzo\u201d, dijo.<\/p>\n<p>Fueron cuatro conferencias \u00a0y seis talleres los que se impartieron por especialistas que vinieron de diferentes puntos del pa\u00eds y algunos locales.<\/p>\n<p>El evento Inici\u00f3 con la ponencia del Pbro David Issac Zepeda Osuna, Coordinador de la Dimensi\u00f3n Diocesana del Clero en Culiac\u00e1n, quien habl\u00f3 sobre \u201cPor una Cultura de la Familia\u201d.<\/p>\n<p>Al mismo tiempo se ofreci\u00f3 la conferencia \u201cLa Iglesia, Familia de Dios \u00bfpuede cambiar?\u201d, a cargo del padre Francisco Armando G\u00f3mez Ruiz, Prefecto de Estudios del Seminario Arquidiocesano de Morelia.<\/p>\n<p>En un segundo momento se ofrecieron dos conferencias simult\u00e1neas: \u201cInmanencia y Trascendencia Desaf\u00edos del siglo XX para la Persona y la Cultura\u201d por Marcial Padilla, Licenciado en Filosof\u00eda por el Ateneo Regina Apostolorum de Roma; y tambi\u00e9n \u201cLa Cristiada Contin\u00faa en el Siglo XX\u201d, por la Maestra Julieta Appendini Mor\u00e1n, Directora en M\u00e9xico de la Fundaci\u00f3n Pontificia Ayuda a la Iglesia Necesitada.<\/p>\n<p>Por la tarde se ofrecieron seis talleres: \u201cLa Familia \u00bfSe Puede Reformar?, por el Pbro. Francisco Armando G\u00f3mez Ruiz; \u201cLa Iglesia Cat\u00f3lica Mexicana en la Primera mitad del Siglo XX\u201d, por el Pbro. Jes\u00fas Trevi\u00f1o Guajardo; \u201cDesaf\u00edos Culturales y la Participaci\u00f3n Social\u201d, por Marcial Padilla; \u201cEl Estudio de la Patr\u00edstica y la Patrolog\u00eda en la Iglesia Hoy\u201d, por el Maestro Jos\u00e9 Luis Ram\u00edrez Vargas; e \u201cIniciaci\u00f3n en la Genealog\u00eda y Ra\u00edces Familiares\u201d, a cargo del Lic. Antonio Guerrero Aguilar.<\/p>\n<p>El evento tuvo un cierre espectacular con la participaci\u00f3n en la Misa Solemne por el 53 Aniversario de la Coronaci\u00f3n Pontificia de la imagen de Nuestra Se\u00f1ora del Roble, en la Bas\u00edlica del mismo nombre y presidiendo la celebraci\u00f3n eucar\u00edstica Mons. Rogelio Cabrera L\u00f3pez, Arzobispo de Monterrey.<\/p>\n<p>Nuestra Se\u00f1ora del Roble es desde hace 53 a\u00f1os Patrona del Instituto de la Arquidi\u00f3cesis de Monterrey.<\/p>\n<p><strong>Por Roc\u00edo D\u00edaz <\/strong><\/p>\n<p>&nbsp;<\/p>\n","protected":false},"excerpt":{"rendered":"<p>El Instituto de la Arquidi\u00f3cesis de Monterrey lleva a cabo conferencias y talleres para conmemorar a su Santa Patrona Monterrey, N.L. (www.pastoralsiglo21.org) 31 de mayo del<span class=\"excerpt-hellip\"> [\u2026]<\/span><\/p>\n","protected":false},"author":3,"featured_media":1284,"comment_status":"open","ping_status":"open","sticky":false,"template":"","format":"standard","meta":[],"categories":[14],"tags":[23],"_links":{"self":[{"href":"https:\/\/www.arquidiocesismty.org\/arquimty\/wp-json\/wp\/v2\/posts\/1283"}],"collection":[{"href":"https:\/\/www.arquidiocesismty.org\/arquimty\/wp-json\/wp\/v2\/posts"}],"about":[{"href":"https:\/\/www.arquidiocesismty.org\/arquimty\/wp-json\/wp\/v2\/types\/post"}],"author":[{"embeddable":true,"href":"https:\/\/www.arquidiocesismty.org\/arquimty\/wp-json\/wp\/v2\/users\/3"}],"replies":[{"embeddable":true,"href":"https:\/\/www.arquidiocesismty.org\/arquimty\/wp-json\/wp\/v2\/comments?post=1283"}],"version-history":[{"count":2,"href":"https:\/\/www.arquidiocesismty.org\/arquimty\/wp-json\/wp\/v2\/posts\/1283\/revisions"}],"predecessor-version":[{"id":1286,"href":"https:\/\/www.arquidiocesismty.org\/arquimty\/wp-json\/wp\/v2\/posts\/1283\/revisions\/1286"}],"wp:featuredmedia":[{"embeddable":true,"href":"https:\/\/www.arquidiocesismty.org\/arquimty\/wp-json\/wp\/v2\/media\/1284"}],"wp:attachment":[{"href":"https:\/\/www.arquidiocesismty.org\/arquimty\/wp-json\/wp\/v2\/media?parent=1283"}],"wp:term":[{"taxonomy":"category","embeddable":true,"href":"https:\/\/www.arquidiocesismty.org\/arquimty\/wp-json\/wp\/v2\/categories?post=1283"},{"taxonomy":"post_tag","embeddable":true,"href":"https:\/\/www.arquidiocesismty.org\/arquimty\/wp-json\/wp\/v2\/tags?post=1283"}],"curies":[{"name":"wp","href":"https:\/\/api.w.org\/{rel}","templated":true}]}}