{"id":12761,"date":"2020-09-07T02:07:01","date_gmt":"2020-09-07T07:07:01","guid":{"rendered":"https:\/\/www.arquidiocesismty.org\/arquimty\/?p=12761"},"modified":"2020-09-07T02:07:01","modified_gmt":"2020-09-07T07:07:01","slug":"hermanos-todos-la-nueva-enciclica-del-papa-francisco","status":"publish","type":"post","link":"https:\/\/www.arquidiocesismty.org\/arquimty\/hermanos-todos-la-nueva-enciclica-del-papa-francisco\/","title":{"rendered":"\u201cHERMANOS TODOS\u201d LA NUEVA ENC\u00cdCLICA DEL PAPA FRANCISCO"},"content":{"rendered":"<p>Por Debany Vald\u00e9s<br \/>\nMonterrey, N.L. (www.pastoralsiglo21.org).- 06 de septiembre 2020<\/p>\n<p>El Papa Francisco firmar\u00e1 una nueva enc\u00edclica llamada \u201cHermanos todos\u201d que trata sobre la fraternidad y amistad social, el pr\u00f3ximo 3 de octubre en la Bas\u00edlica de San Francisco de As\u00eds.<\/p>\n<p>La tercer enc\u00edclica del Santo Padre ha sido inspirada en el t\u00edtulo de los escritos de San Francisco: \u00abMiremos, todos los hermanos, al buen pastor que sostuvo la pasi\u00f3n de la cruz para salvar a sus ovejas\u00bb. (Admoniciones, 6, 1: FF 155)<\/p>\n<p>Se espera que el pr\u00f3ximo octubre el Papa Francisco firme su enc\u00edclica, al finalizar la celebraci\u00f3n que presidir\u00e1, sin presencia de fieles por cuestiones de la pandemia, en la ciudad de As\u00eds.<\/p>\n","protected":false},"excerpt":{"rendered":"<p>Por Debany Vald\u00e9s Monterrey, N.L. (www.pastoralsiglo21.org).- 06 de septiembre 2020 El Papa Francisco firmar\u00e1 una nueva enc\u00edclica llamada \u201cHermanos todos\u201d que trata sobre la fraternidad y<span class=\"excerpt-hellip\"> [\u2026]<\/span><\/p>\n","protected":false},"author":10,"featured_media":12759,"comment_status":"closed","ping_status":"closed","sticky":false,"template":"","format":"standard","meta":[],"categories":[14,6],"tags":[],"_links":{"self":[{"href":"https:\/\/www.arquidiocesismty.org\/arquimty\/wp-json\/wp\/v2\/posts\/12761"}],"collection":[{"href":"https:\/\/www.arquidiocesismty.org\/arquimty\/wp-json\/wp\/v2\/posts"}],"about":[{"href":"https:\/\/www.arquidiocesismty.org\/arquimty\/wp-json\/wp\/v2\/types\/post"}],"author":[{"embeddable":true,"href":"https:\/\/www.arquidiocesismty.org\/arquimty\/wp-json\/wp\/v2\/users\/10"}],"replies":[{"embeddable":true,"href":"https:\/\/www.arquidiocesismty.org\/arquimty\/wp-json\/wp\/v2\/comments?post=12761"}],"version-history":[{"count":1,"href":"https:\/\/www.arquidiocesismty.org\/arquimty\/wp-json\/wp\/v2\/posts\/12761\/revisions"}],"predecessor-version":[{"id":12762,"href":"https:\/\/www.arquidiocesismty.org\/arquimty\/wp-json\/wp\/v2\/posts\/12761\/revisions\/12762"}],"wp:featuredmedia":[{"embeddable":true,"href":"https:\/\/www.arquidiocesismty.org\/arquimty\/wp-json\/wp\/v2\/media\/12759"}],"wp:attachment":[{"href":"https:\/\/www.arquidiocesismty.org\/arquimty\/wp-json\/wp\/v2\/media?parent=12761"}],"wp:term":[{"taxonomy":"category","embeddable":true,"href":"https:\/\/www.arquidiocesismty.org\/arquimty\/wp-json\/wp\/v2\/categories?post=12761"},{"taxonomy":"post_tag","embeddable":true,"href":"https:\/\/www.arquidiocesismty.org\/arquimty\/wp-json\/wp\/v2\/tags?post=12761"}],"curies":[{"name":"wp","href":"https:\/\/api.w.org\/{rel}","templated":true}]}}