{"id":12722,"date":"2020-09-02T15:50:35","date_gmt":"2020-09-02T20:50:35","guid":{"rendered":"https:\/\/www.arquidiocesismty.org\/arquimty\/?p=12722"},"modified":"2020-09-02T15:50:35","modified_gmt":"2020-09-02T20:50:35","slug":"reanuda-el-papa-audiencias-con-fieles","status":"publish","type":"post","link":"https:\/\/www.arquidiocesismty.org\/arquimty\/reanuda-el-papa-audiencias-con-fieles\/","title":{"rendered":"REANUDA EL PAPA AUDIENCIAS CON FIELES"},"content":{"rendered":"<p><strong>Por Juan Pablo V\u00e1zquez Rodr\u00edguez<\/strong><br \/>\n<strong>Monterrey, N.L. (www.pastoralsiglo21.org).- 02 de septiembre 2020<\/strong><\/p>\n<p>El Papa Francisco ha reanudado las Audiencias Generales con la presencia de fieles. Este mi\u00e9rcoles 2 de septiembre, despu\u00e9s de casi seis meses, el Pont\u00edfice se reuni\u00f3 con varios cientos de fieles en el patio de san D\u00e1maso. El tema central de la catequesis fue la solidaridad, de la que afirm\u00f3, \u201ces una cuesti\u00f3n de justicia\u201d.<\/p>\n<p>El Papa afirm\u00f3, en relaci\u00f3n con la pandemia: \u201cpara salir mejor de esta crisis, debemos hacerlo juntos, en solidaridad\u201d.<\/p>\n<p>El Santo padre comenz\u00f3 planteando que el origen com\u00fan de todos los humanos es Dios y \u201cvivimos en una casa com\u00fan, el planeta-jard\u00edn en el que Dios nos ha puesto; y tenemos un destino com\u00fan en Cristo\u201d.<\/p>\n","protected":false},"excerpt":{"rendered":"<p>Por Juan Pablo V\u00e1zquez Rodr\u00edguez Monterrey, N.L. (www.pastoralsiglo21.org).- 02 de septiembre 2020 El Papa Francisco ha reanudado las Audiencias Generales con la presencia de fieles. Este<span class=\"excerpt-hellip\"> [\u2026]<\/span><\/p>\n","protected":false},"author":10,"featured_media":12725,"comment_status":"closed","ping_status":"closed","sticky":false,"template":"","format":"standard","meta":[],"categories":[14,6],"tags":[],"_links":{"self":[{"href":"https:\/\/www.arquidiocesismty.org\/arquimty\/wp-json\/wp\/v2\/posts\/12722"}],"collection":[{"href":"https:\/\/www.arquidiocesismty.org\/arquimty\/wp-json\/wp\/v2\/posts"}],"about":[{"href":"https:\/\/www.arquidiocesismty.org\/arquimty\/wp-json\/wp\/v2\/types\/post"}],"author":[{"embeddable":true,"href":"https:\/\/www.arquidiocesismty.org\/arquimty\/wp-json\/wp\/v2\/users\/10"}],"replies":[{"embeddable":true,"href":"https:\/\/www.arquidiocesismty.org\/arquimty\/wp-json\/wp\/v2\/comments?post=12722"}],"version-history":[{"count":1,"href":"https:\/\/www.arquidiocesismty.org\/arquimty\/wp-json\/wp\/v2\/posts\/12722\/revisions"}],"predecessor-version":[{"id":12727,"href":"https:\/\/www.arquidiocesismty.org\/arquimty\/wp-json\/wp\/v2\/posts\/12722\/revisions\/12727"}],"wp:featuredmedia":[{"embeddable":true,"href":"https:\/\/www.arquidiocesismty.org\/arquimty\/wp-json\/wp\/v2\/media\/12725"}],"wp:attachment":[{"href":"https:\/\/www.arquidiocesismty.org\/arquimty\/wp-json\/wp\/v2\/media?parent=12722"}],"wp:term":[{"taxonomy":"category","embeddable":true,"href":"https:\/\/www.arquidiocesismty.org\/arquimty\/wp-json\/wp\/v2\/categories?post=12722"},{"taxonomy":"post_tag","embeddable":true,"href":"https:\/\/www.arquidiocesismty.org\/arquimty\/wp-json\/wp\/v2\/tags?post=12722"}],"curies":[{"name":"wp","href":"https:\/\/api.w.org\/{rel}","templated":true}]}}