{"id":12697,"date":"2020-08-28T20:30:58","date_gmt":"2020-08-29T01:30:58","guid":{"rendered":"https:\/\/www.arquidiocesismty.org\/arquimty\/?p=12697"},"modified":"2020-08-28T20:30:58","modified_gmt":"2020-08-29T01:30:58","slug":"en-la-fiesta-de-santa-monica-el-papa-reza-en-la-basilica-de-san-agustin","status":"publish","type":"post","link":"https:\/\/www.arquidiocesismty.org\/arquimty\/en-la-fiesta-de-santa-monica-el-papa-reza-en-la-basilica-de-san-agustin\/","title":{"rendered":"EN LA FIESTA DE SANTA M\u00d3NICA, EL PAPA REZA EN LA BAS\u00cdLICA DE SAN AGUST\u00cdN"},"content":{"rendered":"<p><strong>Por Juan Pablo V\u00e1zquez Rodr\u00edguez<\/strong><br \/>\n<strong>Monterrey, N.L. (www.pastoralsiglo21.org).- 28 de agosto 2020<\/strong><\/p>\n<p>La tarde de ayer, el Papa Francisco, seg\u00fan anunci\u00f3 la Oficina de Prensa de la Santa Sede, visit\u00f3 la Bas\u00edlica de San Agust\u00edn en Campo Marzio, Roma.<\/p>\n<p>El Pont\u00edfice rez\u00f3 en la capilla dedicada a la madre del obispo de Hipona. Su tumba est\u00e1 custodiada en la Bas\u00edlica Romana. Despu\u00e9s de la oraci\u00f3n el Papa regres\u00f3 al Vaticano.<\/p>\n","protected":false},"excerpt":{"rendered":"<p>Por Juan Pablo V\u00e1zquez Rodr\u00edguez Monterrey, N.L. (www.pastoralsiglo21.org).- 28 de agosto 2020 La tarde de ayer, el Papa Francisco, seg\u00fan anunci\u00f3 la Oficina de Prensa de<span class=\"excerpt-hellip\"> [\u2026]<\/span><\/p>\n","protected":false},"author":10,"featured_media":12696,"comment_status":"closed","ping_status":"closed","sticky":false,"template":"","format":"standard","meta":[],"categories":[14,6],"tags":[],"_links":{"self":[{"href":"https:\/\/www.arquidiocesismty.org\/arquimty\/wp-json\/wp\/v2\/posts\/12697"}],"collection":[{"href":"https:\/\/www.arquidiocesismty.org\/arquimty\/wp-json\/wp\/v2\/posts"}],"about":[{"href":"https:\/\/www.arquidiocesismty.org\/arquimty\/wp-json\/wp\/v2\/types\/post"}],"author":[{"embeddable":true,"href":"https:\/\/www.arquidiocesismty.org\/arquimty\/wp-json\/wp\/v2\/users\/10"}],"replies":[{"embeddable":true,"href":"https:\/\/www.arquidiocesismty.org\/arquimty\/wp-json\/wp\/v2\/comments?post=12697"}],"version-history":[{"count":1,"href":"https:\/\/www.arquidiocesismty.org\/arquimty\/wp-json\/wp\/v2\/posts\/12697\/revisions"}],"predecessor-version":[{"id":12698,"href":"https:\/\/www.arquidiocesismty.org\/arquimty\/wp-json\/wp\/v2\/posts\/12697\/revisions\/12698"}],"wp:featuredmedia":[{"embeddable":true,"href":"https:\/\/www.arquidiocesismty.org\/arquimty\/wp-json\/wp\/v2\/media\/12696"}],"wp:attachment":[{"href":"https:\/\/www.arquidiocesismty.org\/arquimty\/wp-json\/wp\/v2\/media?parent=12697"}],"wp:term":[{"taxonomy":"category","embeddable":true,"href":"https:\/\/www.arquidiocesismty.org\/arquimty\/wp-json\/wp\/v2\/categories?post=12697"},{"taxonomy":"post_tag","embeddable":true,"href":"https:\/\/www.arquidiocesismty.org\/arquimty\/wp-json\/wp\/v2\/tags?post=12697"}],"curies":[{"name":"wp","href":"https:\/\/api.w.org\/{rel}","templated":true}]}}