{"id":12460,"date":"2020-07-30T21:22:22","date_gmt":"2020-07-31T02:22:22","guid":{"rendered":"https:\/\/www.arquidiocesismty.org\/arquimty\/?p=12460"},"modified":"2020-07-30T21:22:22","modified_gmt":"2020-07-31T02:22:22","slug":"despues-de-10-anos-reaparece-imagen-de-nuestra-madre-de-guadalupe","status":"publish","type":"post","link":"https:\/\/www.arquidiocesismty.org\/arquimty\/despues-de-10-anos-reaparece-imagen-de-nuestra-madre-de-guadalupe\/","title":{"rendered":"DESPU\u00c9S DE 10 A\u00d1OS REAPARECE IMAGEN DE NUESTRA MADRE DE GUADALUPE"},"content":{"rendered":"<p><strong>Por Debany Vald\u00e9s\u00a0<\/strong><\/p>\n<p><strong>Monterrey, N.L. (www.pastoralsiglo21.org).- 30 de julio 2020<\/strong><\/p>\n<p>Ante las fuertes corrientes que dej\u00f3 por su paso la Tormenta Hanna, reapareci\u00f3 la estructura de la Virgen de Guadalupe bajo los escombros del R\u00edo Santa Catarina, 10 a\u00f1os despu\u00e9s de que la fuerza del Huracan Alex la derribara.<\/p>\n<p>Hoy el rostro de la Virgen de Guadalupe fue descubierto entre rocas, a unos 200 metros de donde la estructura fuese instalada inicialmente; en 1990, para la segunda visita del Papa San Juan Pablo II.<\/p>\n<p>La Estructura de la Virgen del Tepeyac de 10 toneladas y de casi 13 metros de altura fue colocada a un costado de la Av. Constituci\u00f3n, la cual recibi\u00f3 la bendici\u00f3n del Pont\u00edfice Polaco que reuni\u00f3 a miles de personas en el lecho del R\u00edo.<\/p>\n<p>A unos meses de haber sido derribada, Mons. Aureliano Tapia de feliz memoria, solicit\u00f3 la b\u00fasqueda del monumento a las autoridades del municipio de Monterrey, quienes con la ayuda de expertos lograron localizar esta estructura met\u00e1lica de la \u201cVirgen de Constituci\u00f3n\u201d a unos cuantos metros de su ubicaci\u00f3n original pero debido a su peso se encontraba enterrada a 6 metros de profundidad.<\/p>\n<p>Actualmente existe una r\u00e9plica de este precioso Monumento de nuestra Virgen Sant\u00edsima de Guadalupe en la misma ubicaci\u00f3n, sin embargo parece un milagro que la estructura original apareciera justo a d\u00edas de cumplirse 10 a\u00f1os de haber desaparecido.<\/p>\n<p>Se espera que en los pr\u00f3ximos d\u00edas esta imagen pueda ser rescata y de resultar con \u00e9xito, sea colocada en un nuevo punto de la ciudad para su merecida veneraci\u00f3n.<\/p>\n<p>Fotograf\u00eda: Francisco Zu\u00f1iga Esquivel<\/p>\n","protected":false},"excerpt":{"rendered":"<p>Por Debany Vald\u00e9s\u00a0 Monterrey, N.L. (www.pastoralsiglo21.org).- 30 de julio 2020 Ante las fuertes corrientes que dej\u00f3 por su paso la Tormenta Hanna, reapareci\u00f3 la estructura de<span class=\"excerpt-hellip\"> [\u2026]<\/span><\/p>\n","protected":false},"author":10,"featured_media":12461,"comment_status":"closed","ping_status":"closed","sticky":false,"template":"","format":"standard","meta":[],"categories":[7,14],"tags":[],"_links":{"self":[{"href":"https:\/\/www.arquidiocesismty.org\/arquimty\/wp-json\/wp\/v2\/posts\/12460"}],"collection":[{"href":"https:\/\/www.arquidiocesismty.org\/arquimty\/wp-json\/wp\/v2\/posts"}],"about":[{"href":"https:\/\/www.arquidiocesismty.org\/arquimty\/wp-json\/wp\/v2\/types\/post"}],"author":[{"embeddable":true,"href":"https:\/\/www.arquidiocesismty.org\/arquimty\/wp-json\/wp\/v2\/users\/10"}],"replies":[{"embeddable":true,"href":"https:\/\/www.arquidiocesismty.org\/arquimty\/wp-json\/wp\/v2\/comments?post=12460"}],"version-history":[{"count":1,"href":"https:\/\/www.arquidiocesismty.org\/arquimty\/wp-json\/wp\/v2\/posts\/12460\/revisions"}],"predecessor-version":[{"id":12462,"href":"https:\/\/www.arquidiocesismty.org\/arquimty\/wp-json\/wp\/v2\/posts\/12460\/revisions\/12462"}],"wp:featuredmedia":[{"embeddable":true,"href":"https:\/\/www.arquidiocesismty.org\/arquimty\/wp-json\/wp\/v2\/media\/12461"}],"wp:attachment":[{"href":"https:\/\/www.arquidiocesismty.org\/arquimty\/wp-json\/wp\/v2\/media?parent=12460"}],"wp:term":[{"taxonomy":"category","embeddable":true,"href":"https:\/\/www.arquidiocesismty.org\/arquimty\/wp-json\/wp\/v2\/categories?post=12460"},{"taxonomy":"post_tag","embeddable":true,"href":"https:\/\/www.arquidiocesismty.org\/arquimty\/wp-json\/wp\/v2\/tags?post=12460"}],"curies":[{"name":"wp","href":"https:\/\/api.w.org\/{rel}","templated":true}]}}