{"id":12393,"date":"2020-07-20T23:15:40","date_gmt":"2020-07-21T04:15:40","guid":{"rendered":"https:\/\/www.arquidiocesismty.org\/arquimty\/?p=12393"},"modified":"2020-07-20T23:15:40","modified_gmt":"2020-07-21T04:15:40","slug":"vaticano-invita-a-parroquias-a-renovar-el-servicio-de-evangelizacion","status":"publish","type":"post","link":"https:\/\/www.arquidiocesismty.org\/arquimty\/vaticano-invita-a-parroquias-a-renovar-el-servicio-de-evangelizacion\/","title":{"rendered":"VATICANO INVITA A PARROQUIAS A RENOVAR EL SERVICIO DE EVANGELIZACI\u00d3N"},"content":{"rendered":"<p><strong>Por Debany Vald\u00e9s<\/strong><\/p>\n<p><strong>Monterrey, N.L. (www.pastoralsiglo21.org).- 20 de julio 2020<\/strong><\/p>\n<p>La Congregaci\u00f3n para el Clero ha presentado, hoy lunes 20 de julio, un documento instructivo llamado &#8220;La conversi\u00f3n pastoral de la comunidad parroquial al servicio de la misi\u00f3n evangelizadora de la Iglesia&#8221;.<\/p>\n<p>\u201cEs, ciertamente, una invitaci\u00f3n a las comunidades parroquiales a salir de s\u00ed mismas, ofreciendo instrumentos para una reforma, incluso estructural, orientada a un estilo de comuni\u00f3n y de colaboraci\u00f3n, de encuentro y de cercan\u00eda, de misericordia y de solicitud por el anuncio del Evangelio.\u201d<\/p>\n<p>Este documento est\u00e1 conformado por 124 apartados, sin ninguna novedad legislativa, que solo pretende motivar a todas las parroquias, tanto quien las dirige como quienes las conforman, a tener una conversi\u00f3n pastoral, para que se demuestre la creatividad y el dinamismo en el servicio de evangelizaci\u00f3n.<\/p>\n<p>Documento completo: https:\/\/bit.ly\/30oCZMg<\/p>\n","protected":false},"excerpt":{"rendered":"<p>Por Debany Vald\u00e9s Monterrey, N.L. (www.pastoralsiglo21.org).- 20 de julio 2020 La Congregaci\u00f3n para el Clero ha presentado, hoy lunes 20 de julio, un documento instructivo llamado<span class=\"excerpt-hellip\"> [\u2026]<\/span><\/p>\n","protected":false},"author":10,"featured_media":12387,"comment_status":"closed","ping_status":"closed","sticky":false,"template":"","format":"standard","meta":[],"categories":[14,6],"tags":[],"_links":{"self":[{"href":"https:\/\/www.arquidiocesismty.org\/arquimty\/wp-json\/wp\/v2\/posts\/12393"}],"collection":[{"href":"https:\/\/www.arquidiocesismty.org\/arquimty\/wp-json\/wp\/v2\/posts"}],"about":[{"href":"https:\/\/www.arquidiocesismty.org\/arquimty\/wp-json\/wp\/v2\/types\/post"}],"author":[{"embeddable":true,"href":"https:\/\/www.arquidiocesismty.org\/arquimty\/wp-json\/wp\/v2\/users\/10"}],"replies":[{"embeddable":true,"href":"https:\/\/www.arquidiocesismty.org\/arquimty\/wp-json\/wp\/v2\/comments?post=12393"}],"version-history":[{"count":1,"href":"https:\/\/www.arquidiocesismty.org\/arquimty\/wp-json\/wp\/v2\/posts\/12393\/revisions"}],"predecessor-version":[{"id":12394,"href":"https:\/\/www.arquidiocesismty.org\/arquimty\/wp-json\/wp\/v2\/posts\/12393\/revisions\/12394"}],"wp:featuredmedia":[{"embeddable":true,"href":"https:\/\/www.arquidiocesismty.org\/arquimty\/wp-json\/wp\/v2\/media\/12387"}],"wp:attachment":[{"href":"https:\/\/www.arquidiocesismty.org\/arquimty\/wp-json\/wp\/v2\/media?parent=12393"}],"wp:term":[{"taxonomy":"category","embeddable":true,"href":"https:\/\/www.arquidiocesismty.org\/arquimty\/wp-json\/wp\/v2\/categories?post=12393"},{"taxonomy":"post_tag","embeddable":true,"href":"https:\/\/www.arquidiocesismty.org\/arquimty\/wp-json\/wp\/v2\/tags?post=12393"}],"curies":[{"name":"wp","href":"https:\/\/api.w.org\/{rel}","templated":true}]}}