{"id":12317,"date":"2020-07-09T12:16:43","date_gmt":"2020-07-09T17:16:43","guid":{"rendered":"https:\/\/www.arquidiocesismty.org\/arquimty\/?p=12317"},"modified":"2020-07-09T12:16:43","modified_gmt":"2020-07-09T17:16:43","slug":"dicen-si-al-llamado-del-senor","status":"publish","type":"post","link":"https:\/\/www.arquidiocesismty.org\/arquimty\/dicen-si-al-llamado-del-senor\/","title":{"rendered":"DICEN S\u00cd AL LLAMADO DEL SE\u00d1OR"},"content":{"rendered":"<p><strong>Por Juan Pablo V\u00e1zquez Rodr\u00edguez\u00a0<\/strong><\/p>\n<p><strong>Monterrey, N.L. (www.pastoralsiglo21.org).- 09 de julio 2020<\/strong><\/p>\n<p>J\u00f3venes de diversas parroquias de la Arquidi\u00f3cesis de Monterrey, despu\u00e9s de haber vivido un proceso de discernimiento vocacional y haber solicitado su ingreso al Seminario de Monterrey, iniciar\u00e1n su formaci\u00f3n sacerdotal en el mes de agosto.<\/p>\n<p>Felicidades a cada unos de ellos, pidamos por su vocaci\u00f3n y por sus familias para que Dios les acompa\u00f1e en este camino de fe y esperanza.<\/p>\n","protected":false},"excerpt":{"rendered":"<p>Por Juan Pablo V\u00e1zquez Rodr\u00edguez\u00a0 Monterrey, N.L. (www.pastoralsiglo21.org).- 09 de julio 2020 J\u00f3venes de diversas parroquias de la Arquidi\u00f3cesis de Monterrey, despu\u00e9s de haber vivido un<span class=\"excerpt-hellip\"> [\u2026]<\/span><\/p>\n","protected":false},"author":10,"featured_media":12316,"comment_status":"closed","ping_status":"closed","sticky":false,"template":"","format":"standard","meta":[],"categories":[7,14],"tags":[],"_links":{"self":[{"href":"https:\/\/www.arquidiocesismty.org\/arquimty\/wp-json\/wp\/v2\/posts\/12317"}],"collection":[{"href":"https:\/\/www.arquidiocesismty.org\/arquimty\/wp-json\/wp\/v2\/posts"}],"about":[{"href":"https:\/\/www.arquidiocesismty.org\/arquimty\/wp-json\/wp\/v2\/types\/post"}],"author":[{"embeddable":true,"href":"https:\/\/www.arquidiocesismty.org\/arquimty\/wp-json\/wp\/v2\/users\/10"}],"replies":[{"embeddable":true,"href":"https:\/\/www.arquidiocesismty.org\/arquimty\/wp-json\/wp\/v2\/comments?post=12317"}],"version-history":[{"count":1,"href":"https:\/\/www.arquidiocesismty.org\/arquimty\/wp-json\/wp\/v2\/posts\/12317\/revisions"}],"predecessor-version":[{"id":12318,"href":"https:\/\/www.arquidiocesismty.org\/arquimty\/wp-json\/wp\/v2\/posts\/12317\/revisions\/12318"}],"wp:featuredmedia":[{"embeddable":true,"href":"https:\/\/www.arquidiocesismty.org\/arquimty\/wp-json\/wp\/v2\/media\/12316"}],"wp:attachment":[{"href":"https:\/\/www.arquidiocesismty.org\/arquimty\/wp-json\/wp\/v2\/media?parent=12317"}],"wp:term":[{"taxonomy":"category","embeddable":true,"href":"https:\/\/www.arquidiocesismty.org\/arquimty\/wp-json\/wp\/v2\/categories?post=12317"},{"taxonomy":"post_tag","embeddable":true,"href":"https:\/\/www.arquidiocesismty.org\/arquimty\/wp-json\/wp\/v2\/tags?post=12317"}],"curies":[{"name":"wp","href":"https:\/\/api.w.org\/{rel}","templated":true}]}}