{"id":12194,"date":"2020-06-20T10:12:52","date_gmt":"2020-06-20T15:12:52","guid":{"rendered":"https:\/\/www.arquidiocesismty.org\/arquimty\/?p=12194"},"modified":"2020-06-20T10:12:52","modified_gmt":"2020-06-20T15:12:52","slug":"el-papa-anade-tres-invocaciones-a-las-letanias-del-rosario","status":"publish","type":"post","link":"https:\/\/www.arquidiocesismty.org\/arquimty\/el-papa-anade-tres-invocaciones-a-las-letanias-del-rosario\/","title":{"rendered":"EL PAPA A\u00d1ADE TRES INVOCACIONES A LAS LETAN\u00cdAS DEL ROSARIO"},"content":{"rendered":"<div class=\"kvgmc6g5 cxmmr5t8 oygrvhab hcukyx3x c1et5uql ii04i59q\">\n<div dir=\"auto\">\n<p>Por Juan Pablo V\u00e1zquez Rodr\u00edguez<\/p>\n<p>Monterrey, N.L. (www.pastoralsiglo21.org).- 20 de junio 2020.<\/p>\n<\/div>\n<\/div>\n<div class=\"o9v6fnle cxmmr5t8 oygrvhab hcukyx3x c1et5uql ii04i59q\">\n<div dir=\"auto\">\u201cMadre de la Misericordia\u201d, \u201cMadre de la Esperanza\u201d y \u201cConsuelo\u201d pero tambi\u00e9n \u201cAyuda\u201d de los migrantes. Est\u00e1s son las tres nuevas invocaciones incluidas por voluntad del Papa Francisco en la lista de las Letan\u00edas Lauretanas.<\/div>\n<\/div>\n<div dir=\"auto\"><\/div>\n<div class=\"o9v6fnle cxmmr5t8 oygrvhab hcukyx3x c1et5uql ii04i59q\">\n<div dir=\"auto\">Fue la Congregaci\u00f3n para el Culto Divino y la Disciplina de los Sacramentos la que comunic\u00f3 esta disposici\u00f3n del Papa en una carta dirigida a los presidentes de las Conferencias Episcopales<\/div>\n<div dir=\"auto\"><\/div>\n<\/div>\n<div class=\"o9v6fnle cxmmr5t8 oygrvhab hcukyx3x c1et5uql ii04i59q\">\n<div dir=\"auto\">\u201cSon incontables los t\u00edtulos e invocaciones que la piedad cristiana, a lo largo de los siglos, ha reservado a la Virgen Mar\u00eda, camino privilegiado y seguro para el encuentro con Cristo\u201d, escribi\u00f3 en la carta el Cardenal Robert Sarah y el Arzobispo Arhur Roche, Prefecto y Secretario del Dicasterio del Vaticano.<\/div>\n<div dir=\"auto\"><\/div>\n<\/div>\n<div class=\"o9v6fnle cxmmr5t8 oygrvhab hcukyx3x c1et5uql ii04i59q\">\n<div dir=\"auto\">Ahora, especifican, \u201cla primera invocaci\u00f3n se colocar\u00e1 despu\u00e9s de Mater Ecclesiae, la segunda despu\u00e9s de Mater divinae gratiae, la tercera despu\u00e9s de Refugium peccatorum\u201d.<\/div>\n<\/div>\n","protected":false},"excerpt":{"rendered":"<p>Por Juan Pablo V\u00e1zquez Rodr\u00edguez Monterrey, N.L. (www.pastoralsiglo21.org).- 20 de junio 2020. \u201cMadre de la Misericordia\u201d, \u201cMadre de la Esperanza\u201d y \u201cConsuelo\u201d pero tambi\u00e9n \u201cAyuda\u201d de<span class=\"excerpt-hellip\"> [\u2026]<\/span><\/p>\n","protected":false},"author":12,"featured_media":12193,"comment_status":"open","ping_status":"closed","sticky":false,"template":"","format":"standard","meta":[],"categories":[14,6],"tags":[],"_links":{"self":[{"href":"https:\/\/www.arquidiocesismty.org\/arquimty\/wp-json\/wp\/v2\/posts\/12194"}],"collection":[{"href":"https:\/\/www.arquidiocesismty.org\/arquimty\/wp-json\/wp\/v2\/posts"}],"about":[{"href":"https:\/\/www.arquidiocesismty.org\/arquimty\/wp-json\/wp\/v2\/types\/post"}],"author":[{"embeddable":true,"href":"https:\/\/www.arquidiocesismty.org\/arquimty\/wp-json\/wp\/v2\/users\/12"}],"replies":[{"embeddable":true,"href":"https:\/\/www.arquidiocesismty.org\/arquimty\/wp-json\/wp\/v2\/comments?post=12194"}],"version-history":[{"count":1,"href":"https:\/\/www.arquidiocesismty.org\/arquimty\/wp-json\/wp\/v2\/posts\/12194\/revisions"}],"predecessor-version":[{"id":12195,"href":"https:\/\/www.arquidiocesismty.org\/arquimty\/wp-json\/wp\/v2\/posts\/12194\/revisions\/12195"}],"wp:featuredmedia":[{"embeddable":true,"href":"https:\/\/www.arquidiocesismty.org\/arquimty\/wp-json\/wp\/v2\/media\/12193"}],"wp:attachment":[{"href":"https:\/\/www.arquidiocesismty.org\/arquimty\/wp-json\/wp\/v2\/media?parent=12194"}],"wp:term":[{"taxonomy":"category","embeddable":true,"href":"https:\/\/www.arquidiocesismty.org\/arquimty\/wp-json\/wp\/v2\/categories?post=12194"},{"taxonomy":"post_tag","embeddable":true,"href":"https:\/\/www.arquidiocesismty.org\/arquimty\/wp-json\/wp\/v2\/tags?post=12194"}],"curies":[{"name":"wp","href":"https:\/\/api.w.org\/{rel}","templated":true}]}}