{"id":1204,"date":"2017-05-22T16:04:48","date_gmt":"2017-05-22T21:04:48","guid":{"rendered":"https:\/\/www.arquidiocesismty.org\/arquimty\/?p=1204"},"modified":"2017-05-25T14:50:01","modified_gmt":"2017-05-25T19:50:01","slug":"invita-arzobispo-de-monterrey-a-participar-en-8a-marcha-por-la-paz","status":"publish","type":"post","link":"https:\/\/www.arquidiocesismty.org\/arquimty\/invita-arzobispo-de-monterrey-a-participar-en-8a-marcha-por-la-paz\/","title":{"rendered":"INVITA ARZOBISPO DE MONTERREY A PARTICIPAR EN 8\u00aa MARCHA POR LA PAZ"},"content":{"rendered":"<p><em><strong>&#8220;Viviendo primero la paz interior y en la familia, seremos generadores de cambio&#8221;.<\/strong><\/em><\/p>\n<p>Monterrey N.L. (<a href=\"http:\/\/www.pastoralsiglo21.org\/\" target=\"_blank\" rel=\"nofollow noopener\">www.pastoralsiglo21.org<\/a>) 21 de mayo 2017. En torno a las diversas situaciones de inseguridad y violencia que se ha manifestado en diferentes lugares de nuestro Estado, el Arzobispo de Monterrey Mons. Rogelio Cabrera L\u00f3pez, se\u00f1al\u00f3 durante la rueda de prensa dominical, la importancia de &#8220;aumentar los esfuerzos de las autoridades para erradicar este tipo de acciones que desequilibran el caminar cotidianos de los ciudadanos&#8221;.<\/p>\n<p>Adem\u00e1s, invit\u00f3 a la comunidad a participar en la 8\u00aa Marcha por La Paz, especialmente a los j\u00f3venes, que se llevara a cabo el pr\u00f3ximo domingo 28 de mayo.<\/p>\n<p>&#8220;Esta actividad anual es organizada por la Pastoral Universitaria, teniendo como objetivo manifestar el gran deseo de paz, haci\u00e9ndonos conscientes de que la paz comienza en uno mismo, viviendo primero la paz interior y en la familia, seremos generadores de cambio&#8221;, apunt\u00f3 el Arzobispo.<\/p>\n<p>La cita es en el atrio de la Catedral de Monterrey a las 8.30 a.m. para llegar a la Bas\u00edlica de la Pur\u00edsima, celebrar la Eucarist\u00eda y al terminar partir hacia el asta bandera donde se concluir\u00e1 con oraci\u00f3n por la paz.<\/p>\n<p><strong>Por. Juan Pablo V\u00e1zquez Rodr\u00edguez<\/strong><\/p>\n","protected":false},"excerpt":{"rendered":"<p>&#8220;Viviendo primero la paz interior y en la familia, seremos generadores de cambio&#8221;. Monterrey N.L. (www.pastoralsiglo21.org) 21 de mayo 2017. En torno a las diversas situaciones<span class=\"excerpt-hellip\"> [\u2026]<\/span><\/p>\n","protected":false},"author":3,"featured_media":1205,"comment_status":"open","ping_status":"open","sticky":false,"template":"","format":"standard","meta":[],"categories":[7,14],"tags":[23],"_links":{"self":[{"href":"https:\/\/www.arquidiocesismty.org\/arquimty\/wp-json\/wp\/v2\/posts\/1204"}],"collection":[{"href":"https:\/\/www.arquidiocesismty.org\/arquimty\/wp-json\/wp\/v2\/posts"}],"about":[{"href":"https:\/\/www.arquidiocesismty.org\/arquimty\/wp-json\/wp\/v2\/types\/post"}],"author":[{"embeddable":true,"href":"https:\/\/www.arquidiocesismty.org\/arquimty\/wp-json\/wp\/v2\/users\/3"}],"replies":[{"embeddable":true,"href":"https:\/\/www.arquidiocesismty.org\/arquimty\/wp-json\/wp\/v2\/comments?post=1204"}],"version-history":[{"count":3,"href":"https:\/\/www.arquidiocesismty.org\/arquimty\/wp-json\/wp\/v2\/posts\/1204\/revisions"}],"predecessor-version":[{"id":1213,"href":"https:\/\/www.arquidiocesismty.org\/arquimty\/wp-json\/wp\/v2\/posts\/1204\/revisions\/1213"}],"wp:featuredmedia":[{"embeddable":true,"href":"https:\/\/www.arquidiocesismty.org\/arquimty\/wp-json\/wp\/v2\/media\/1205"}],"wp:attachment":[{"href":"https:\/\/www.arquidiocesismty.org\/arquimty\/wp-json\/wp\/v2\/media?parent=1204"}],"wp:term":[{"taxonomy":"category","embeddable":true,"href":"https:\/\/www.arquidiocesismty.org\/arquimty\/wp-json\/wp\/v2\/categories?post=1204"},{"taxonomy":"post_tag","embeddable":true,"href":"https:\/\/www.arquidiocesismty.org\/arquimty\/wp-json\/wp\/v2\/tags?post=1204"}],"curies":[{"name":"wp","href":"https:\/\/api.w.org\/{rel}","templated":true}]}}