{"id":11770,"date":"2020-03-27T14:41:20","date_gmt":"2020-03-27T20:41:20","guid":{"rendered":"https:\/\/www.arquidiocesismty.org\/arquimty\/?p=11770"},"modified":"2020-03-27T14:41:20","modified_gmt":"2020-03-27T20:41:20","slug":"este-tiempo-de-prueba-es-tiempo-de-eleccion-papa-francisco","status":"publish","type":"post","link":"https:\/\/www.arquidiocesismty.org\/arquimty\/este-tiempo-de-prueba-es-tiempo-de-eleccion-papa-francisco\/","title":{"rendered":"\u201cESTE TIEMPO DE PRUEBA ES TIEMPO DE ELECCI\u00d3N\u201d, PAPA FRANCISCO"},"content":{"rendered":"<p><strong>Por Juan Pablo V\u00e1zquez Rodr\u00edguez<\/strong><\/p>\n<p><strong>Vaticano (www.pastoralsiglo21.org).- 27 de marzo 2020.<\/strong> En su reflexi\u00f3n que comparti\u00f3 el Papa Francisco este viernes, antes de impartir la bendici\u00f3n Urbi et Orbi, invit\u00f3 a elegir lo que verdaderamente es importante.<\/p>\n<p><em>\u201cNos llamas (Se\u00f1or)a tomar este tiempo de prueba como un momento de elecci\u00f3n\u201d.<\/em><\/p>\n<div class=\"text_exposed_show\">\n<p><em>\u201cNo es el momento de tu juicio, sino de nuestro juicio: el tiempo para elegir entre lo que cuenta verdaderamente y lo que pasa, para separar lo que es necesario de lo que no lo es\u201d.<\/em><\/p>\n<p><em>\u201cEs el tiempo de restablecer el rumbo de la vida hacia ti, Se\u00f1or, y hacia los dem\u00e1s\u201d.<\/em><\/p>\n<p><em>\u201cEs la vida del Esp\u00edritu capaz de rescatar, valorar y mostrar c\u00f3mo nuestras vidas est\u00e1n tejidas y sostenidas por personas comunes \u2014com\u00fanmente olvidadas\u2014 que no aparecen en portadas de diarios y de revistas, ni en las grandes pasarelas del \u00faltimo show pero, sin lugar a dudas, est\u00e1n escribiendo hoy los acontecimientos decisivos de nuestra historia: m\u00e9dicos, enfermeros y enfermeras, encargados de reponer los productos en los supermercados, limpiadoras, cuidadoras, transportistas, fuerzas de seguridad, voluntarios, sacerdotes, religiosas y tantos pero tantos otros que comprendieron que nadie se salva solo\u201d.<\/em><\/p>\n<\/div>\n","protected":false},"excerpt":{"rendered":"<p>Por Juan Pablo V\u00e1zquez Rodr\u00edguez Vaticano (www.pastoralsiglo21.org).- 27 de marzo 2020. En su reflexi\u00f3n que comparti\u00f3 el Papa Francisco este viernes, antes de impartir la bendici\u00f3n<span class=\"excerpt-hellip\"> [\u2026]<\/span><\/p>\n","protected":false},"author":10,"featured_media":11771,"comment_status":"open","ping_status":"closed","sticky":false,"template":"","format":"standard","meta":[],"categories":[14,6],"tags":[78],"_links":{"self":[{"href":"https:\/\/www.arquidiocesismty.org\/arquimty\/wp-json\/wp\/v2\/posts\/11770"}],"collection":[{"href":"https:\/\/www.arquidiocesismty.org\/arquimty\/wp-json\/wp\/v2\/posts"}],"about":[{"href":"https:\/\/www.arquidiocesismty.org\/arquimty\/wp-json\/wp\/v2\/types\/post"}],"author":[{"embeddable":true,"href":"https:\/\/www.arquidiocesismty.org\/arquimty\/wp-json\/wp\/v2\/users\/10"}],"replies":[{"embeddable":true,"href":"https:\/\/www.arquidiocesismty.org\/arquimty\/wp-json\/wp\/v2\/comments?post=11770"}],"version-history":[{"count":1,"href":"https:\/\/www.arquidiocesismty.org\/arquimty\/wp-json\/wp\/v2\/posts\/11770\/revisions"}],"predecessor-version":[{"id":11772,"href":"https:\/\/www.arquidiocesismty.org\/arquimty\/wp-json\/wp\/v2\/posts\/11770\/revisions\/11772"}],"wp:featuredmedia":[{"embeddable":true,"href":"https:\/\/www.arquidiocesismty.org\/arquimty\/wp-json\/wp\/v2\/media\/11771"}],"wp:attachment":[{"href":"https:\/\/www.arquidiocesismty.org\/arquimty\/wp-json\/wp\/v2\/media?parent=11770"}],"wp:term":[{"taxonomy":"category","embeddable":true,"href":"https:\/\/www.arquidiocesismty.org\/arquimty\/wp-json\/wp\/v2\/categories?post=11770"},{"taxonomy":"post_tag","embeddable":true,"href":"https:\/\/www.arquidiocesismty.org\/arquimty\/wp-json\/wp\/v2\/tags?post=11770"}],"curies":[{"name":"wp","href":"https:\/\/api.w.org\/{rel}","templated":true}]}}