{"id":11740,"date":"2020-03-20T14:13:57","date_gmt":"2020-03-20T20:13:57","guid":{"rendered":"https:\/\/www.arquidiocesismty.org\/arquimty\/?p=11740"},"modified":"2020-03-20T14:13:57","modified_gmt":"2020-03-20T20:13:57","slug":"indulgencias-especiales-a-los-fieles-en-la-actual-situacion-de-pandemia","status":"publish","type":"post","link":"https:\/\/www.arquidiocesismty.org\/arquimty\/indulgencias-especiales-a-los-fieles-en-la-actual-situacion-de-pandemia\/","title":{"rendered":"INDULGENCIAS ESPECIALES A LOS FIELES EN LA ACTUAL SITUACI\u00d3N DE PANDEMIA"},"content":{"rendered":"<p>A continuaci\u00f3n compartimos el Decreto de la Penitenciar\u00eda Apost\u00f3lica relativo a la concesi\u00f3n de indulgencias especiales a los fieles en la actual situaci\u00f3n de pandemia, 20.03.2020<\/p>\n<p><strong>PENITENCIAR\u00cdA APOST\u00d3LICA<\/strong><\/p>\n<p><strong>DECRETO<\/strong><\/p>\n<p><strong>Se concede el don de Indulgencias especiales a los fieles que sufren la enfermedad de Covid-19, com\u00fanmente conocida como Coronavirus, as\u00ed como a los trabajadores de la salud, a los familiares y a todos aquellos que, en cualquier calidad, los cuidan.<\/strong><\/p>\n<p>\u201cCon la alegr\u00eda de la esperanza; constantes en la tribulaci\u00f3n; perseverantes en la oraci\u00f3n\u201d(Rom 12:12). Las palabras escritas por San Pablo a la Iglesia de Roma resuenan a lo largo de toda la historia de la Iglesia y orientan el juicio de los fieles ante cada sufrimiento, enfermedad y calamidad.<\/p>\n<p>El momento actual que atraviesa la humanidad entera, amenazada por una enfermedad invisible e insidiosa, que desde hace tiempo ha entrado con prepotencia a formar parte de la vida de todos, est\u00e1 jalonado d\u00eda tras d\u00eda por angustiosos temores, nuevas incertidumbres y, sobre todo, por un sufrimiento f\u00edsico y moral generalizado.<\/p>\n<p>La Iglesia, siguiendo el ejemplo de su Divino Maestro, siempre se ha preocupado de cuidar a los enfermos. Como indicaba San Juan Pablo II, el valor del sufrimiento humano es doble: &#8221; Sobrenatural y a la vez humano. Es sobrenatural, porque se arraiga en el misterio divino de la redenci\u00f3n del mundo, y es tambi\u00e9n profundamente humano, porque en \u00e9l el hombre se encuentra a s\u00ed mismo, su propia humanidad, su propia dignidad y su propia misi\u00f3n.&#8221; (Carta Apost\u00f3lica Salvifici Doloris, 31).<\/p>\n<p>Tambi\u00e9n el Papa Francisco, en estos \u00faltimos d\u00edas, ha manifestado su cercan\u00eda paternal y ha renovado su invitaci\u00f3n a rezar incesantemente por los enfermos de Coronavirus.<\/p>\n<p>Para que todos los que sufren a causa del Covid-19, precisamente en el misterio de este padecer, puedan redescubrir &#8220;el mismo sufrimiento redentor de Cristo&#8221; (ib\u00edd., 30), esta Penitenciar\u00eda Apost\u00f3lica, ex auctoritate Summi Pontificis, confiando en la palabra de Cristo Se\u00f1or y considerando con esp\u00edritu de fe la epidemia actualmente en curso, para vivirla con esp\u00edritu de conversi\u00f3n personal, concede el don de las Indulgencias de acuerdo con la siguiente disposici\u00f3n.<\/p>\n<p>Se concede la Indulgencia plenaria a los fieles enfermos de Coronavirus, sujetos a cuarentena por orden de la autoridad sanitaria en los hospitales o en sus propias casas si, con esp\u00edritu desprendido de cualquier pecado, se unen espiritualmente a trav\u00e9s de los medios de comunicaci\u00f3n a la celebraci\u00f3n de la Santa Misa, al rezo del Santo Rosario, a la pr\u00e1ctica piadosa del V\u00eda Crucis u otras formas de devoci\u00f3n, o si al menos rezan el Credo, el Padrenuestro y una piadosa invocaci\u00f3n a la Sant\u00edsima Virgen Mar\u00eda, ofreciendo esta prueba con esp\u00edritu de fe en Dios y de caridad hacia los hermanos, con la voluntad de cumplir las condiciones habituales (confesi\u00f3n sacramental, comuni\u00f3n eucar\u00edstica y oraci\u00f3n seg\u00fan las intenciones del Santo Padre), apenas les sea posible.<\/p>\n<p>Los agentes sanitarios, los familiares y todos aquellos que, siguiendo el ejemplo del Buen Samaritano, exponi\u00e9ndose al riesgo de contagio, cuidan de los enfermos de Coronavirus seg\u00fan las palabras del divino Redentor: &#8220;Nadie tiene mayor amor que \u00e9ste: dar la vida por sus amigos&#8221; (Jn 15,13), obtendr\u00e1n el mismo don de la Indulgencia Plenaria en las mismas condiciones.<\/p>\n<p>Esta Penitenciar\u00eda Apost\u00f3lica, adem\u00e1s, concede de buen grado, en las mismas condiciones, la Indulgencia Plenaria con ocasi\u00f3n de la actual epidemia mundial, tambi\u00e9n a aquellos fieles que ofrezcan la visita al Sant\u00edsimo Sacramento, o la Adoraci\u00f3n Eucar\u00edstica, o la lectura de la Sagrada Escritura durante al menos media hora, o el rezo del Santo Rosario, o el ejercicio piadoso del V\u00eda Crucis, o el rezo de la corona de la Divina Misericordia, para implorar a Dios Todopoderoso el fin de la epidemia, el alivio de los afligidos y la salvaci\u00f3n eterna de los que el Se\u00f1or ha llamado a s\u00ed.<\/p>\n<p>La Iglesia reza por los que est\u00e9n imposibilitado de recibir el sacramento de la Unci\u00f3n de los enfermos y el Vi\u00e1tico, encomendando a todos y cada uno de ellos a la Divina Misericordia en virtud de la comuni\u00f3n de los santos y concede a los fieles la Indulgencia plenaria en punto de muerte siempre que est\u00e9n debidamente dispuestos y hayan rezado durante su vida algunas oraciones (en este caso la Iglesia suple a las tres condiciones habituales requeridas). Para obtener esta indulgencia se recomienda el uso del crucifijo o de la cruz (cf. Enchiridion indulgentiarum, n.12).<\/p>\n<p>Que la Sant\u00edsima Virgen Mar\u00eda, Madre de Dios y de la Iglesia, Salud de los Enfermos y Auxilio de los Cristianos, Abogada nuestra, socorra a la humanidad doliente, ahuyentando de nosotros el mal de esta pandemia y obteniendo todo bien necesario para nuestra salvaci\u00f3n y santificaci\u00f3n.<\/p>\n<p>El presente decreto es v\u00e1lido independientemente de cualquier disposici\u00f3n en contrario.<\/p>\n<p>Dado en Roma, desde la sede de la Penitenciar\u00eda Apost\u00f3lica, el 19 de marzo de 2020.<\/p>\n<p>Mauro. Card. Piacenza<\/p>\n<p>Penitenciario Mayor<\/p>\n","protected":false},"excerpt":{"rendered":"<p>A continuaci\u00f3n compartimos el Decreto de la Penitenciar\u00eda Apost\u00f3lica relativo a la concesi\u00f3n de indulgencias especiales a los fieles en la actual situaci\u00f3n de pandemia, 20.03.2020<span class=\"excerpt-hellip\"> [\u2026]<\/span><\/p>\n","protected":false},"author":10,"featured_media":11741,"comment_status":"open","ping_status":"closed","sticky":false,"template":"","format":"standard","meta":[],"categories":[14,6],"tags":[78],"_links":{"self":[{"href":"https:\/\/www.arquidiocesismty.org\/arquimty\/wp-json\/wp\/v2\/posts\/11740"}],"collection":[{"href":"https:\/\/www.arquidiocesismty.org\/arquimty\/wp-json\/wp\/v2\/posts"}],"about":[{"href":"https:\/\/www.arquidiocesismty.org\/arquimty\/wp-json\/wp\/v2\/types\/post"}],"author":[{"embeddable":true,"href":"https:\/\/www.arquidiocesismty.org\/arquimty\/wp-json\/wp\/v2\/users\/10"}],"replies":[{"embeddable":true,"href":"https:\/\/www.arquidiocesismty.org\/arquimty\/wp-json\/wp\/v2\/comments?post=11740"}],"version-history":[{"count":1,"href":"https:\/\/www.arquidiocesismty.org\/arquimty\/wp-json\/wp\/v2\/posts\/11740\/revisions"}],"predecessor-version":[{"id":11742,"href":"https:\/\/www.arquidiocesismty.org\/arquimty\/wp-json\/wp\/v2\/posts\/11740\/revisions\/11742"}],"wp:featuredmedia":[{"embeddable":true,"href":"https:\/\/www.arquidiocesismty.org\/arquimty\/wp-json\/wp\/v2\/media\/11741"}],"wp:attachment":[{"href":"https:\/\/www.arquidiocesismty.org\/arquimty\/wp-json\/wp\/v2\/media?parent=11740"}],"wp:term":[{"taxonomy":"category","embeddable":true,"href":"https:\/\/www.arquidiocesismty.org\/arquimty\/wp-json\/wp\/v2\/categories?post=11740"},{"taxonomy":"post_tag","embeddable":true,"href":"https:\/\/www.arquidiocesismty.org\/arquimty\/wp-json\/wp\/v2\/tags?post=11740"}],"curies":[{"name":"wp","href":"https:\/\/api.w.org\/{rel}","templated":true}]}}