{"id":11698,"date":"2020-03-15T14:42:13","date_gmt":"2020-03-15T20:42:13","guid":{"rendered":"https:\/\/www.arquidiocesismty.org\/arquimty\/?p=11698"},"modified":"2020-03-15T14:59:22","modified_gmt":"2020-03-15T20:59:22","slug":"papa-peregrina-por-calles-de-roma","status":"publish","type":"post","link":"https:\/\/www.arquidiocesismty.org\/arquimty\/papa-peregrina-por-calles-de-roma\/","title":{"rendered":"PAPA PEREGRINA POR CALLES DE ROMA"},"content":{"rendered":"<p style=\"text-align: left;\"><strong>Por Juan Pablo V\u00e1zquez Rodr\u00edguez <\/strong><\/p>\n<p style=\"text-align: left;\"><strong>Roma (www.pastoralsiglo21.org).- 15 de marzo 2020.<\/strong> El #PapaFrancisco, este domingo, peregrin\u00f3 por las calles de Roma entre dos iglesias, para invocar el fin de la pandemia.<\/p>\n<p style=\"text-align: left;\">As\u00ed fue el momento de #oraci\u00f3n del #PapaFrancisco, esta tarde ante la Salus Populi Romani en Santa Mar\u00eda La Mayor.<\/p>\n<p style=\"text-align: left;\">Luego fue a la Iglesia San Marcello al Corso, donde rez\u00f3 ante el crucifijo que salv\u00f3 a Roma de la peste.<\/p>\n<p class=\"p1\"><span class=\"s1\">Ha orado por todos los fieles del mundo, de manera especial ha pedido a Dios la salud de los enfermos, la victimas de estos d\u00edas, por el consuelo de familiares y amigos. <\/span><\/p>\n<p class=\"p1\"><span class=\"s1\">Por todos los que trabajan en el sistema de salud: m\u00e9dicos, enfermeros, administrativos, y todos aquellos que con su trabajo garantizan el funcionamiento de las sociedades.<\/span><\/p>\n<p>&nbsp;<\/p>\n","protected":false},"excerpt":{"rendered":"<p>Por Juan Pablo V\u00e1zquez Rodr\u00edguez Roma (www.pastoralsiglo21.org).- 15 de marzo 2020. El #PapaFrancisco, este domingo, peregrin\u00f3 por las calles de Roma entre dos iglesias, para invocar<span class=\"excerpt-hellip\"> [\u2026]<\/span><\/p>\n","protected":false},"author":10,"featured_media":11699,"comment_status":"open","ping_status":"closed","sticky":false,"template":"","format":"standard","meta":[],"categories":[14,6],"tags":[78],"_links":{"self":[{"href":"https:\/\/www.arquidiocesismty.org\/arquimty\/wp-json\/wp\/v2\/posts\/11698"}],"collection":[{"href":"https:\/\/www.arquidiocesismty.org\/arquimty\/wp-json\/wp\/v2\/posts"}],"about":[{"href":"https:\/\/www.arquidiocesismty.org\/arquimty\/wp-json\/wp\/v2\/types\/post"}],"author":[{"embeddable":true,"href":"https:\/\/www.arquidiocesismty.org\/arquimty\/wp-json\/wp\/v2\/users\/10"}],"replies":[{"embeddable":true,"href":"https:\/\/www.arquidiocesismty.org\/arquimty\/wp-json\/wp\/v2\/comments?post=11698"}],"version-history":[{"count":4,"href":"https:\/\/www.arquidiocesismty.org\/arquimty\/wp-json\/wp\/v2\/posts\/11698\/revisions"}],"predecessor-version":[{"id":11703,"href":"https:\/\/www.arquidiocesismty.org\/arquimty\/wp-json\/wp\/v2\/posts\/11698\/revisions\/11703"}],"wp:featuredmedia":[{"embeddable":true,"href":"https:\/\/www.arquidiocesismty.org\/arquimty\/wp-json\/wp\/v2\/media\/11699"}],"wp:attachment":[{"href":"https:\/\/www.arquidiocesismty.org\/arquimty\/wp-json\/wp\/v2\/media?parent=11698"}],"wp:term":[{"taxonomy":"category","embeddable":true,"href":"https:\/\/www.arquidiocesismty.org\/arquimty\/wp-json\/wp\/v2\/categories?post=11698"},{"taxonomy":"post_tag","embeddable":true,"href":"https:\/\/www.arquidiocesismty.org\/arquimty\/wp-json\/wp\/v2\/tags?post=11698"}],"curies":[{"name":"wp","href":"https:\/\/api.w.org\/{rel}","templated":true}]}}