{"id":1161,"date":"2017-05-13T21:51:53","date_gmt":"2017-05-14T02:51:53","guid":{"rendered":"https:\/\/www.arquidiocesismty.org\/arquimty\/?p=1161"},"modified":"2017-05-13T21:51:53","modified_gmt":"2017-05-14T02:51:53","slug":"la-virgen-maria-nos-pone-siempre-junto-a-la-cruz-de-jesus","status":"publish","type":"post","link":"https:\/\/www.arquidiocesismty.org\/arquimty\/la-virgen-maria-nos-pone-siempre-junto-a-la-cruz-de-jesus\/","title":{"rendered":"La Virgen Mar\u00eda nos pone siempre junto a la cruz de Jes\u00fas"},"content":{"rendered":"<p>Fiesta Patronal Parroquia &#8211; Santuario Nuestra Se\u00f1ora de F\u00e1tima &#8211; 13 de mayo de 2013<\/p>\n<p>Estimados hermanas y hermanos, hoy es un d\u00eda memorable, un d\u00eda de fiesta para la Iglesia Universal, un d\u00eda de fiesta para nuestra Iglesia Diocesana y tambi\u00e9n para esta Parroquia &#8211; Santuario. Hoy celebramos el cari\u00f1o de Mar\u00eda, celebramos su maternidad, celebramos sus cuidados hacia la humanidad.<\/p>\n<p>Escuchamos en la Palabra de Dios dos razones de esperanza: estaba Mar\u00eda junto a la Cruz de Jes\u00fas, y tambi\u00e9n lo que el Se\u00f1or le revel\u00f3 a san Juan \u201che aqu\u00ed que hago nuevas todas las cosas\u201d. Esas dos verdades animan a la Iglesia a celebrar a la Virgen Mar\u00eda, ella que comparte el misterio de la cruz de Cristo, es decir, ella tambi\u00e9n carga con la cruz de Cristo y al mismo tiempo con la cruz de toda la humanidad, pero siempre en un horizonte de esperanza, \u201che aqu\u00ed que hago nuevas todas las cosas\u201d, \u201cun cielo nuevo, una tierra nueva\u201d, dos realidades que son inseparables: la cruz y la Resurrecci\u00f3n, la cruz y una vida nueva, la cruz y un mundo siempre nuevo, un cielo nuevo y una tierra nueva. La Virgen Mar\u00eda quiso aparecerse en aquella cueva de Ir\u00eda, para ella un ambiente muy familiar, en Nazaret su casa era una cueva, como consta hist\u00f3ricamente, tambi\u00e9n evoca aquellos pastores a quienes fue revelado el misterio del nacimiento de Cristo. El acontecimiento de F\u00e1tima es siempre un acontecimiento evang\u00e9lico, es decir, hunde sus ra\u00edces en las cosas m\u00e1s bellas del Evangelio, el nacimiento de Cristo y el anuncio de la Buena Noticia a los pastores. F\u00edjense c\u00f3mo el Se\u00f1or escoge siempre a los m\u00e1s peque\u00f1os para dar las noticias m\u00e1s importantes, lo hizo en el Tepeyac con Juan Diego, lo hace con estos tres ni\u00f1os en F\u00e1tima, porque recordar F\u00e1tima es recordar Bel\u00e9n, es recordar Nazaret, es recordar Jerusal\u00e9n.<\/p>\n<p>Toda la historia de la salvaci\u00f3n queda entrelazada en el misterio de F\u00e1tima, y f\u00edjense algo muy bello: la Virgen habl\u00f3 en secreto, revel\u00f3 tres secretos. \u00bfA qui\u00e9n se le habla en secreto? Al que se le habla en la intimidad, en la cordialidad, en la cercan\u00eda, en la dulzura del hogar. Los secretos de F\u00e1tima no son enigmas que hay que resolver, son palabras que dice quien ama, en el secreto del hogar, en la intimidad de la casa y del cari\u00f1o, esto es lo que hizo Mar\u00eda a trav\u00e9s de los tres ni\u00f1os pastores. Y \u00bfcu\u00e1les son esos secretos, esas palabras dichas en intimidad que despu\u00e9s de hacen noticia publica para todos los fieles y para todo el mundo? Especialmente cuatro cosas.<\/p>\n<p>La oraci\u00f3n, primer secreto, es la receta perfecta, \u00bfqueremos un mundo nuevo, anhelamos un mundo en paz, queremos unidad en nuestros hogares y uni\u00f3n entre los pueblos? Oraci\u00f3n, y como siempre los secretos dan recetas muy sencillas, tenemos el santo Rosario, que alguno ha dicho \u201ces la Biblia del pueblo\u201d, ah\u00ed tenemos y contemplamos todos los misterios de nuestra salvaci\u00f3n.<\/p>\n<p>Conversi\u00f3n y penitencia, segundo secreto, volver nuestra mirada a Jesucristo, es el secreto de F\u00e1tima: \u201cmiren al que traspasaron\u201d, miren a Jes\u00fas, en \u00c9l est\u00e1 la luz, \u00c9l es la Palabra, \u00c9l es la vida; volver la mirada a Jes\u00fas, pero la conversi\u00f3n lleva a aparejar otra realidad, la penitencia. Dice la Biblia \u201cpenitencia, penitencia, penitencia\u201d, porque a Dios se le mira en la peque\u00f1ez de la vida, en la humildad, en la renuncia. \u00bfQu\u00e9 dijo Jes\u00fas a sus disc\u00edpulos? \u201cEl que quiera seguirme renuncie a s\u00ed mismo, tome la cruz de cada d\u00eda y s\u00edgueme\u201d. Que importante es la penitencia, ponerte l\u00edmites, saber que lo \u00fanico e ilimitado es el amor de Dios, que todo lo que nos rodea, las cosas, las comodidades, los placeres, requieren un l\u00edmite, austeridad, vida sacrificada. Mar\u00eda escuch\u00f3 este consejo de Jes\u00fas cuando dice \u201cestos demonios no salen si no es con oraci\u00f3n y ayuno\u201d. Vivimos este mundo lleno de comodidades que nos agradan, ya no hay tiempo para el sacrificio, todos tratamos de eludir aquello que nos pone un l\u00edmite, pero la Virgen nos dice cu\u00e1l es el secreto de la paz y de la armon\u00eda: \u201cpenitencia, penitencia, penitencia\u201d<\/p>\n<p>El tercer secreto: la libertad. El mensaje de F\u00e1tima fue una defensa de la libertad humana contra todo sistema pol\u00edtico que trata de eliminar la presencia de Dios en la vida de los ciudadanos, ll\u00e1mese como se llame cualquier sistema, la libertad frente al ate\u00edsmo militante de querer extirpar del coraz\u00f3n humano la fe en Dios. Qu\u00e9 importante es esta libertad en la cual todos los seres humanos, no s\u00f3lo los creyentes, estamos llamados a afrontar. En F\u00e1tima la Virgen anunci\u00f3 los dolores de la Iglesia, la persecuci\u00f3n del nombre de Jes\u00fas, pero siempre para llamar a la humanidad a mantener viva la libertad, porque la libertad de creer, la libertad religiosa, dec\u00eda el papa san Juan Pablo II, es la piedra angular en todos los derechos humanos y de todas las libertades,<\/p>\n<p>La Virgen Mar\u00eda en F\u00e1tima, a trav\u00e9s de los ni\u00f1os pastores, nos han revelado estos secretos, estas f\u00f3rmulas para vivir en paz: oraci\u00f3n, conversi\u00f3n y penitencia, y libertad en la fe. Que Dios bendiga a nuestra Iglesia de Monterrey, a esta comunidad parroquial y Santuario de F\u00e1tima, para que los secretos de F\u00e1tima lleguen a nuestro coraz\u00f3n. Las revelaciones que la Virgen Mar\u00eda con s\u00edmbolos, con un lenguaje cifrado le revel\u00f3, la Iglesia lo ha entendido; yo les recomiendo que lean la interpretaci\u00f3n muy acertada que el Papa Benedicto hizo acerca de las revelaciones de F\u00e1tima. Hermanas y hermanos, con gozo y alegr\u00eda celebremos a nuestra Madre, ella estuvo junto a la cruz, y en la cruz inicio su maternidad, Jes\u00fas le da una misi\u00f3n \u201cah\u00ed est\u00e1 tu hijo\u201d, y al disc\u00edpulo tambi\u00e9n le da una misi\u00f3n \u201cah\u00ed est\u00e1 tu madre\u201d. La Virgen Mar\u00eda nos pone siempre junto a la cruz de Jes\u00fas, el signo del amor y la vida, pero tambi\u00e9n todos tenemos esperanza de un mundo mejor, \u201cde un cielo nuevo y una tierra nueva\u201d, promesa del Se\u00f1or: \u201che aqu\u00ed que hago nuevas todas las cosas\u201d, \u00c9l quiere comenzar contigo, renovar tu interior, el mundo no ser\u00e1 distinto si nosotros no somos distintos. Que Dios nos bendiga y vamos a poner todo lo que est\u00e1 de nuestra parte para escuchar estos secretos y sobre todo para vivirlos.<\/p>\n","protected":false},"excerpt":{"rendered":"<p>Fiesta Patronal Parroquia &#8211; Santuario Nuestra Se\u00f1ora de F\u00e1tima &#8211; 13 de mayo de 2013 Estimados hermanas y hermanos, hoy es un d\u00eda memorable, un d\u00eda<span class=\"excerpt-hellip\"> [\u2026]<\/span><\/p>\n","protected":false},"author":6,"featured_media":1162,"comment_status":"open","ping_status":"open","sticky":false,"template":"","format":"standard","meta":[],"categories":[13],"tags":[],"_links":{"self":[{"href":"https:\/\/www.arquidiocesismty.org\/arquimty\/wp-json\/wp\/v2\/posts\/1161"}],"collection":[{"href":"https:\/\/www.arquidiocesismty.org\/arquimty\/wp-json\/wp\/v2\/posts"}],"about":[{"href":"https:\/\/www.arquidiocesismty.org\/arquimty\/wp-json\/wp\/v2\/types\/post"}],"author":[{"embeddable":true,"href":"https:\/\/www.arquidiocesismty.org\/arquimty\/wp-json\/wp\/v2\/users\/6"}],"replies":[{"embeddable":true,"href":"https:\/\/www.arquidiocesismty.org\/arquimty\/wp-json\/wp\/v2\/comments?post=1161"}],"version-history":[{"count":1,"href":"https:\/\/www.arquidiocesismty.org\/arquimty\/wp-json\/wp\/v2\/posts\/1161\/revisions"}],"predecessor-version":[{"id":1163,"href":"https:\/\/www.arquidiocesismty.org\/arquimty\/wp-json\/wp\/v2\/posts\/1161\/revisions\/1163"}],"wp:featuredmedia":[{"embeddable":true,"href":"https:\/\/www.arquidiocesismty.org\/arquimty\/wp-json\/wp\/v2\/media\/1162"}],"wp:attachment":[{"href":"https:\/\/www.arquidiocesismty.org\/arquimty\/wp-json\/wp\/v2\/media?parent=1161"}],"wp:term":[{"taxonomy":"category","embeddable":true,"href":"https:\/\/www.arquidiocesismty.org\/arquimty\/wp-json\/wp\/v2\/categories?post=1161"},{"taxonomy":"post_tag","embeddable":true,"href":"https:\/\/www.arquidiocesismty.org\/arquimty\/wp-json\/wp\/v2\/tags?post=1161"}],"curies":[{"name":"wp","href":"https:\/\/api.w.org\/{rel}","templated":true}]}}