{"id":11165,"date":"2020-01-09T12:05:15","date_gmt":"2020-01-09T18:05:15","guid":{"rendered":"https:\/\/www.arquidiocesismty.org\/arquimty\/?p=11165"},"modified":"2020-01-09T12:05:15","modified_gmt":"2020-01-09T18:05:15","slug":"museo-arquidiocesano-de-arte-sacro-presentara-exposicion-temporal-pontifex","status":"publish","type":"post","link":"https:\/\/www.arquidiocesismty.org\/arquimty\/museo-arquidiocesano-de-arte-sacro-presentara-exposicion-temporal-pontifex\/","title":{"rendered":"MUSEO ARQUIDIOCESANO DE ARTE SACRO PRESENTAR\u00c1 EXPOSICI\u00d3N TEMPORAL \u201cPONTIFEX\u201d"},"content":{"rendered":"<p>A partir del mediados de este mes de enero se inaugurar\u00e1 en el Museo Arquidiocesano de Arte Sacro (MAAS) la exposici\u00f3n \u201cPontifex\u201d. Esta muestra temporal constar\u00e1 de piezas del patrimonio arquidiocesano relacionadas con San Pedro y sus sucesores.<\/p>\n<p>Como todos bien sabemos, para la Iglesia el ap\u00f3stol Pedro es una figura esencial; Nuestro Se\u00f1or le dio un lugar \u00fanico y la Iglesia siempre, desde la misma vida del Se\u00f1or, ha dado un reconocimiento peculiar a Pedro y a sus sucesores hasta llegar a Su Santidad el Papa Francisco.<\/p>\n<p>El lugar que el ap\u00f3stol Pedro y sus sucesores han tenido en el coraz\u00f3n del pueblo cristiano se ve reflejado en su patrimonio: m\u00faltiples obras de arte se crean para ver reflejada la devoci\u00f3n que la comunidad ha sentido por el Pr\u00edncipe de los Ap\u00f3stoles y por supuesto por el Papa reinante.<\/p>\n<p>As\u00ed, esta exposici\u00f3n exhibir\u00e1 retratos de san Pedro y de los Papas, objetos que les pertenecieron o algunos otros relacionados con el Sumo Pont\u00edfice como documentos relacionados con estos temas.<\/p>\n<p>Se exhibir\u00e1n por primera ocasi\u00f3n al p\u00fablico obras de la Santa Iglesia Catedral, la Bas\u00edlica de La Pur\u00edsima, el Secretariado de Pastoral Social, del Archivo Hist\u00f3rico Arquidiocesano, del mismo MAAS y de otras colecciones eclesiales y privadas.<\/p>\n<p>No se expondr\u00e1 todo lo que se tiene en la Arquidi\u00f3cesis, pero s\u00ed ciertamente ser\u00e1 una selecci\u00f3n de lo m\u00e1s interesante del patrimonio arquidiocesano con el tema petrino y del papado.<\/p>\n<p>Un dato interesante: desde que la ciudad fue fundada definitivamente en 1596 a la fecha han habido 36 papas y desde la creaci\u00f3n de la di\u00f3cesis de Linares (Monterrey) en 1777 a la fecha se cuentan 17 pont\u00edfices.<\/p>\n<p>Para las fechas exactas de la exposici\u00f3n \u201cPontifex\u201d los invitamos a consultar el Facebook Museo Arquidiocesano de Arte Sacro.<\/p>\n","protected":false},"excerpt":{"rendered":"<p>A partir del mediados de este mes de enero se inaugurar\u00e1 en el Museo Arquidiocesano de Arte Sacro (MAAS) la exposici\u00f3n \u201cPontifex\u201d. Esta muestra temporal constar\u00e1<span class=\"excerpt-hellip\"> [\u2026]<\/span><\/p>\n","protected":false},"author":10,"featured_media":11166,"comment_status":"open","ping_status":"closed","sticky":false,"template":"","format":"standard","meta":[],"categories":[7,14],"tags":[75],"_links":{"self":[{"href":"https:\/\/www.arquidiocesismty.org\/arquimty\/wp-json\/wp\/v2\/posts\/11165"}],"collection":[{"href":"https:\/\/www.arquidiocesismty.org\/arquimty\/wp-json\/wp\/v2\/posts"}],"about":[{"href":"https:\/\/www.arquidiocesismty.org\/arquimty\/wp-json\/wp\/v2\/types\/post"}],"author":[{"embeddable":true,"href":"https:\/\/www.arquidiocesismty.org\/arquimty\/wp-json\/wp\/v2\/users\/10"}],"replies":[{"embeddable":true,"href":"https:\/\/www.arquidiocesismty.org\/arquimty\/wp-json\/wp\/v2\/comments?post=11165"}],"version-history":[{"count":1,"href":"https:\/\/www.arquidiocesismty.org\/arquimty\/wp-json\/wp\/v2\/posts\/11165\/revisions"}],"predecessor-version":[{"id":11167,"href":"https:\/\/www.arquidiocesismty.org\/arquimty\/wp-json\/wp\/v2\/posts\/11165\/revisions\/11167"}],"wp:featuredmedia":[{"embeddable":true,"href":"https:\/\/www.arquidiocesismty.org\/arquimty\/wp-json\/wp\/v2\/media\/11166"}],"wp:attachment":[{"href":"https:\/\/www.arquidiocesismty.org\/arquimty\/wp-json\/wp\/v2\/media?parent=11165"}],"wp:term":[{"taxonomy":"category","embeddable":true,"href":"https:\/\/www.arquidiocesismty.org\/arquimty\/wp-json\/wp\/v2\/categories?post=11165"},{"taxonomy":"post_tag","embeddable":true,"href":"https:\/\/www.arquidiocesismty.org\/arquimty\/wp-json\/wp\/v2\/tags?post=11165"}],"curies":[{"name":"wp","href":"https:\/\/api.w.org\/{rel}","templated":true}]}}